{"id":169,"date":"2025-05-12T10:30:30","date_gmt":"2025-05-12T10:30:30","guid":{"rendered":"https:\/\/artesaniavelaris.es\/?p=169"},"modified":"2025-07-02T15:07:43","modified_gmt":"2025-07-02T15:07:43","slug":"entrada-1","status":"publish","type":"post","link":"https:\/\/artesaniavelaris.es\/velaris-blog\/2025\/05\/12\/entrada-1\/","title":{"rendered":"\u00bfC\u00f3mo se dise\u00f1an las m\u00e1scaras y antifaces artesanales?"},"content":{"rendered":"<p>El <strong>dise\u00f1o<\/strong> es clave para la moda, es una forma de <strong>expresi\u00f3n art\u00edstica<\/strong>, las m\u00e1scaras y los antifaces no se quedan atr\u00e1s, formando en anta\u00f1o parte de esta misma moda en <strong>rituales, sacrificios y fiestas<\/strong>. Este dise\u00f1o no implica solo una simple parte gr\u00e1fica, sino una estructural, el simbolismo no solo reside en los colores u ornamentaciones presentes en m\u00e1scaras y antifaces, sino que tambi\u00e9n es un elemento diferencial por su forma.<\/p><p>En este art\u00edculo expondremos la importancia del dise\u00f1o art\u00edstico y estructural de una m\u00e1scara o antifaz, los colores, los s\u00edmbolos, y pautas para que tu puedas dise\u00f1arlo.<\/p><div class=\"wp-block-uagb-advanced-heading uagb-block-516e6c3a\"><h2 class=\"uagb-heading-text\"><strong>Importancia hist\u00f3rica del dise\u00f1o de m\u00e1scaras y antifaces en la artesan\u00eda<\/strong><\/h2><\/div><div class=\"wp-block-uagb-advanced-heading uagb-block-59f99359\"><h3 class=\"uagb-heading-text\"><strong><strong>Or\u00edgenes<\/strong><\/strong><\/h3><\/div><p>Las m\u00e1scaras y los antifaces tienen una historia ancestral, su origen se remonta a rituales <strong>religiosos<\/strong>, celebraciones <strong>culturales <\/strong>y teatros <strong>ceremoniales<\/strong>. Los colores, materiales y pinturas no fueron elegidos al azar, todos estos elementos sol\u00edan tener representaciones simb\u00f3licas, un ejemplo de esto son las m\u00e1scaras funerarias del antiguo Egipto como la de <strong>Tutankam\u00f3n<\/strong>, sus materiales evocaban a la <strong>divinidad <\/strong>y la <strong>inmortalidad<\/strong>, a parte de la importancia de el valor material en el antiguo Egipto.<\/p><figure class=\"wp-block-image size-large\"><img fetchpriority=\"high\" decoding=\"async\" width=\"861\" height=\"1024\" src=\"https:\/\/artesaniavelaris.es\/velaris-blog\/wp-content\/uploads\/2025\/05\/ejemplo_mascara_egipcia-861x1024.jpg\" alt=\"\" class=\"wp-image-243\" srcset=\"https:\/\/artesaniavelaris.es\/velaris-blog\/wp-content\/uploads\/2025\/05\/ejemplo_mascara_egipcia-861x1024.jpg 861w, https:\/\/artesaniavelaris.es\/velaris-blog\/wp-content\/uploads\/2025\/05\/ejemplo_mascara_egipcia-252x300.jpg 252w, https:\/\/artesaniavelaris.es\/velaris-blog\/wp-content\/uploads\/2025\/05\/ejemplo_mascara_egipcia-768x913.jpg 768w, https:\/\/artesaniavelaris.es\/velaris-blog\/wp-content\/uploads\/2025\/05\/ejemplo_mascara_egipcia-1292x1536.jpg 1292w, https:\/\/artesaniavelaris.es\/velaris-blog\/wp-content\/uploads\/2025\/05\/ejemplo_mascara_egipcia-1722x2048.jpg 1722w, https:\/\/artesaniavelaris.es\/velaris-blog\/wp-content\/uploads\/2025\/05\/ejemplo_mascara_egipcia-1024x1218.jpg 1024w, https:\/\/artesaniavelaris.es\/velaris-blog\/wp-content\/uploads\/2025\/05\/ejemplo_mascara_egipcia-600x713.jpg 600w\" sizes=\"(max-width: 861px) 100vw, 861px\" \/><figcaption class=\"wp-element-caption\">The famous burial mask of King Tutankhamun on display at the Egyptian Museum in Cairo, Egypt.  The 24 pound (11 kilogram) mask is made of gold, glass, and precious stones.  The nemes headdress features a vulture, symbolizing sovereignty over Upper Egypt, and a cobra, symbolizing sovereignty over Lower Egypt.<\/figcaption><\/figure><p>Otros ejemplos de diferentes culturas que podemos encontrar son de las m\u00e1scaras tribales africanas y mesoamericanas, en lugares religiosos d\u00f3nde primaban <strong>religiones como el animismo<\/strong>, est\u00e1s m\u00e1scaras sol\u00edan verse como portales entre lo animal y espiritual.<\/p><div class=\"wp-block-uagb-advanced-heading uagb-block-74b6f672\"><h2 class=\"uagb-heading-text\"><strong><strong>\u00bfQu\u00e9 necesito saber para crear un dise\u00f1o de un antifaz o una m\u00e1scara?<\/strong><\/strong><\/h2><\/div><div class=\"wp-block-uagb-advanced-heading uagb-block-04f23f46\"><h3 class=\"uagb-heading-text\"><strong><strong><strong>El prop\u00f3sito<\/strong><\/strong><\/strong><\/h3><\/div><p>Es clave el proceso de la ideaci\u00f3n, por ello tenemos que tener claro para que se va a utilizar \u00bfEs para una fiesta tem\u00e1tica? (Ej: carnaval, Halloween, boda)\u00bfEs decorativa o funcional?\u00bfDebe transmitir una emoci\u00f3n, representar un personaje o cultura?. Estas funciones determinar\u00e1n el material de tu m\u00e1scara o antifaz, y con ello influir\u00e1 en tu dise\u00f1o.<br>Todo esto har\u00e1 variar tu dise\u00f1o ya que no es lo mismo utilizar <strong>escayola, arcilla, cart\u00f3n, papel, etc,<\/strong> todas con superficies de diferentes <strong>porosidades<\/strong>, esto implica pinturas diferentes que permitan la correcta inyecci\u00f3n de la pintura en sus poros.Lo mencionado es solo un \u00fanico ejemplo de variabilidad, por ello es importante saber cu\u00e1l es nuestro prop\u00f3sito.<\/p><div class=\"wp-block-uagb-advanced-heading uagb-block-fb6f6f08\"><h3 class=\"uagb-heading-text\"><strong><strong><strong><strong>La idea<\/strong><\/strong><\/strong><\/strong><\/h3><\/div><p>Ahora es el momento del <strong>\u201cbrainstorming\u201d<\/strong> (lluvia de ideas), este proceso es en el que tenemos que activar la b\u00fasqueda de referencias, colores, simbolog\u00eda etc. Como todo proceso art\u00edstico, tenemos que buscar el concepto, aquello que nos permita materializar la idea, mediante la herramienta de lo creativo.<\/p><div class=\"wp-block-uagb-advanced-heading uagb-block-4c859d8c\"><h3 class=\"uagb-heading-text\"><strong><strong><strong><strong><strong>La forma<\/strong><\/strong><\/strong><\/strong><\/strong><\/h3><\/div><p>Por otro lado, al igual que el prop\u00f3sito, la forma es importante a tener en cuenta, quiz\u00e1s la parte m\u00e1s dif\u00edcil del proceso, ya que al igual que una escultura lo m\u00e1s dif\u00edcil no es pintarla sino esculpirla.<\/p><figure class=\"wp-block-image size-full is-resized\"><img decoding=\"async\" width=\"640\" height=\"360\" src=\"https:\/\/artesaniavelaris.es\/velaris-blog\/wp-content\/uploads\/2025\/05\/tipos-formas_mascaras.jpg\" alt=\"\" class=\"wp-image-244\" style=\"width:840px;height:auto\" srcset=\"https:\/\/artesaniavelaris.es\/velaris-blog\/wp-content\/uploads\/2025\/05\/tipos-formas_mascaras.jpg 640w, https:\/\/artesaniavelaris.es\/velaris-blog\/wp-content\/uploads\/2025\/05\/tipos-formas_mascaras-300x169.jpg 300w, https:\/\/artesaniavelaris.es\/velaris-blog\/wp-content\/uploads\/2025\/05\/tipos-formas_mascaras-600x338.jpg 600w\" sizes=\"(max-width: 640px) 100vw, 640px\" \/><\/figure><p>La <strong>estructura<\/strong> implica un <strong>nivel de dificultad m\u00e1s alto<\/strong> existiendo diferentes tipos como; ovalada o sim\u00e9trica: elegante, tradicional (tipo veneciano); alargada o asim\u00e9trica: dram\u00e1tica, moderna; animal\u00edstica o fantasiosa: creativa, ideal para ni\u00f1os o festivales.<\/p><div class=\"wp-block-uagb-advanced-heading uagb-block-c4dd756b\"><h3 class=\"uagb-heading-text\"><strong><strong><strong><strong><strong><strong>El color<\/strong><\/strong><\/strong><\/strong><\/strong><\/strong><\/h3><\/div><p>Aunque forme parte del proceso de ideaci\u00f3n y conceptualizaci\u00f3n, algo a lo que hay que tener en cuenta es la importancia del color. Esta importancia var\u00eda en funci\u00f3n de la teor\u00eda de la psicolog\u00eda del color y la percepci\u00f3n cultural del color.<\/p><div class=\"wp-block-uagb-advanced-heading uagb-block-9c9a5833\"><h3 class=\"uagb-heading-text\"><strong><strong><strong><strong><strong><strong><strong>La ornamentaci\u00f3n<\/strong><\/strong><\/strong><\/strong><\/strong><\/strong><\/strong><\/h3><\/div><p>Quiz\u00e1s lo m\u00e1s importante para nuestro dise\u00f1o es la ornamentaci\u00f3n. Mi recomendaci\u00f3n es que est\u00e1 ornamentaci\u00f3n vaya seguida del concepto o idea que hayas construido, por ejemplo, si yo quiero crear una m\u00e1scara o antifaz artesanal inspirado en la mitolog\u00eda griega lo l\u00f3gico ser\u00eda extraer esos elementos decorativos presentes en esta mitolog\u00eda el cu\u00e1l evoquen al personaje, ser, animal o cosa que nosotros hayamos elegido de esta cultura.<\/p><figure class=\"wp-block-image size-large\"><img decoding=\"async\" width=\"1024\" height=\"684\" src=\"https:\/\/artesaniavelaris.es\/velaris-blog\/wp-content\/uploads\/2025\/05\/materiales_mascaras_antifaces-1024x684.jpg\" alt=\"\" class=\"wp-image-245\" srcset=\"https:\/\/artesaniavelaris.es\/velaris-blog\/wp-content\/uploads\/2025\/05\/materiales_mascaras_antifaces-1024x684.jpg 1024w, https:\/\/artesaniavelaris.es\/velaris-blog\/wp-content\/uploads\/2025\/05\/materiales_mascaras_antifaces-300x200.jpg 300w, https:\/\/artesaniavelaris.es\/velaris-blog\/wp-content\/uploads\/2025\/05\/materiales_mascaras_antifaces-768x513.jpg 768w, https:\/\/artesaniavelaris.es\/velaris-blog\/wp-content\/uploads\/2025\/05\/materiales_mascaras_antifaces-1536x1025.jpg 1536w, https:\/\/artesaniavelaris.es\/velaris-blog\/wp-content\/uploads\/2025\/05\/materiales_mascaras_antifaces-2048x1367.jpg 2048w, https:\/\/artesaniavelaris.es\/velaris-blog\/wp-content\/uploads\/2025\/05\/materiales_mascaras_antifaces-600x401.jpg 600w\" sizes=\"(max-width: 1024px) 100vw, 1024px\" \/><\/figure><p>En caso de querer simplemente decoraci\u00f3n simple, sin tener una idea o concepto de dise\u00f1o algunos que te puedo recomendar son: encajes, tul, cintas, pintura a mano, pedrer\u00eda, lentejuelas, cristales, plumas, flores secas, metales ligeros.<\/p><div class=\"wp-block-uagb-advanced-heading uagb-block-d133582f\"><h2 class=\"uagb-heading-text\"><strong><strong><strong>\u00bfQu\u00e9 sacar en clave?<\/strong><\/strong><\/strong><\/h2><\/div><p>Desde sus or\u00edgenes ancestrales hasta las creaciones m\u00e1s contempor\u00e1neas, el dise\u00f1o de m\u00e1scaras y antifaces ha sido mucho m\u00e1s que una cuesti\u00f3n est\u00e9tica: es una <strong>forma de comunicaci\u00f3n cultural, emocional y simb\u00f3lica<\/strong>. A lo largo de la historia, cada color, forma y material ha representado poder, identidad, espiritualidad o libertad.<\/p><p>Hoy, ese legado vive a trav\u00e9s del trabajo de manos artesanas que no solo decoran, sino que <strong>cuentan historias y conectan con emociones<\/strong>. Dise\u00f1ar una m\u00e1scara artesanal es un acto creativo que une tradici\u00f3n y expresi\u00f3n personal. Elegir bien los colores, materiales y estructuras no solo mejora la apariencia, sino que da profundidad y alma a cada pieza. Ya sea para una fiesta, una boda tem\u00e1tica o una obra de arte decorativa, una m\u00e1scara bien dise\u00f1ada <strong>no solo se ve, se siente<\/strong>. Y en un mundo donde lo aut\u00e9ntico gana valor, <strong>lo hecho a mano se convierte en s\u00edmbolo de originalidad y pasi\u00f3n.<\/strong><\/p><p><\/p>","protected":false},"excerpt":{"rendered":"<p>El dise\u00f1o es clave para la moda, es una forma de expresi\u00f3n art\u00edstica, las m\u00e1scaras y los antifaces no se quedan atr\u00e1s, formando en anta\u00f1o parte de esta misma moda en rituales, sacrificios y fiestas. Este dise\u00f1o no implica solo una simple parte gr\u00e1fica, sino una estructural, el simbolismo no solo reside en los colores [&hellip;]<\/p>\n","protected":false},"author":1,"featured_media":247,"comment_status":"open","ping_status":"open","sticky":false,"template":"","format":"standard","meta":{"_uag_custom_page_level_css":"","_jetpack_memberships_contains_paid_content":false,"footnotes":""},"categories":[21,22],"tags":[],"class_list":["post-169","post","type-post","status-publish","format-standard","has-post-thumbnail","hentry","category-artesania","category-diseno"],"jetpack_featured_media_url":"https:\/\/artesaniavelaris.es\/velaris-blog\/wp-content\/uploads\/2025\/05\/4.jpg","uagb_featured_image_src":{"full":["https:\/\/artesaniavelaris.es\/velaris-blog\/wp-content\/uploads\/2025\/05\/4.jpg",1024,1024,false],"thumbnail":["https:\/\/artesaniavelaris.es\/velaris-blog\/wp-content\/uploads\/2025\/05\/4-150x150.jpg",150,150,true],"medium":["https:\/\/artesaniavelaris.es\/velaris-blog\/wp-content\/uploads\/2025\/05\/4-300x300.jpg",300,300,true],"medium_large":["https:\/\/artesaniavelaris.es\/velaris-blog\/wp-content\/uploads\/2025\/05\/4-768x768.jpg",640,640,true],"large":["https:\/\/artesaniavelaris.es\/velaris-blog\/wp-content\/uploads\/2025\/05\/4.jpg",640,640,false],"1536x1536":["https:\/\/artesaniavelaris.es\/velaris-blog\/wp-content\/uploads\/2025\/05\/4.jpg",1024,1024,false],"2048x2048":["https:\/\/artesaniavelaris.es\/velaris-blog\/wp-content\/uploads\/2025\/05\/4.jpg",1024,1024,false],"blogarise-slider-full":["https:\/\/artesaniavelaris.es\/velaris-blog\/wp-content\/uploads\/2025\/05\/4-1024x720.jpg",1024,720,true],"blogarise-featured":["https:\/\/artesaniavelaris.es\/velaris-blog\/wp-content\/uploads\/2025\/05\/4.jpg",1024,1024,false],"blogarise-medium":["https:\/\/artesaniavelaris.es\/velaris-blog\/wp-content\/uploads\/2025\/05\/4-720x380.jpg",720,380,true],"woocommerce_thumbnail":["https:\/\/artesaniavelaris.es\/velaris-blog\/wp-content\/uploads\/2025\/05\/4-300x300.jpg",300,300,true],"woocommerce_single":["https:\/\/artesaniavelaris.es\/velaris-blog\/wp-content\/uploads\/2025\/05\/4-600x600.jpg",600,600,true],"woocommerce_gallery_thumbnail":["https:\/\/artesaniavelaris.es\/velaris-blog\/wp-content\/uploads\/2025\/05\/4-100x100.jpg",100,100,true]},"uagb_author_info":{"display_name":"Velaris","author_link":"https:\/\/artesaniavelaris.es\/velaris-blog\/author\/fromanr\/"},"uagb_comment_info":0,"uagb_excerpt":"El dise\u00f1o es clave para la moda, es una forma de expresi\u00f3n art\u00edstica, las m\u00e1scaras y los antifaces no se quedan atr\u00e1s, formando en anta\u00f1o parte de esta misma moda en rituales, sacrificios y fiestas. Este dise\u00f1o no implica solo una simple parte gr\u00e1fica, sino una estructural, el simbolismo no solo reside en los colores&hellip;","jetpack_sharing_enabled":true,"_links":{"self":[{"href":"https:\/\/artesaniavelaris.es\/velaris-blog\/wp-json\/wp\/v2\/posts\/169","targetHints":{"allow":["GET"]}}],"collection":[{"href":"https:\/\/artesaniavelaris.es\/velaris-blog\/wp-json\/wp\/v2\/posts"}],"about":[{"href":"https:\/\/artesaniavelaris.es\/velaris-blog\/wp-json\/wp\/v2\/types\/post"}],"author":[{"embeddable":true,"href":"https:\/\/artesaniavelaris.es\/velaris-blog\/wp-json\/wp\/v2\/users\/1"}],"replies":[{"embeddable":true,"href":"https:\/\/artesaniavelaris.es\/velaris-blog\/wp-json\/wp\/v2\/comments?post=169"}],"version-history":[{"count":5,"href":"https:\/\/artesaniavelaris.es\/velaris-blog\/wp-json\/wp\/v2\/posts\/169\/revisions"}],"predecessor-version":[{"id":246,"href":"https:\/\/artesaniavelaris.es\/velaris-blog\/wp-json\/wp\/v2\/posts\/169\/revisions\/246"}],"wp:featuredmedia":[{"embeddable":true,"href":"https:\/\/artesaniavelaris.es\/velaris-blog\/wp-json\/wp\/v2\/media\/247"}],"wp:attachment":[{"href":"https:\/\/artesaniavelaris.es\/velaris-blog\/wp-json\/wp\/v2\/media?parent=169"}],"wp:term":[{"taxonomy":"category","embeddable":true,"href":"https:\/\/artesaniavelaris.es\/velaris-blog\/wp-json\/wp\/v2\/categories?post=169"},{"taxonomy":"post_tag","embeddable":true,"href":"https:\/\/artesaniavelaris.es\/velaris-blog\/wp-json\/wp\/v2\/tags?post=169"}],"curies":[{"name":"wp","href":"https:\/\/api.w.org\/{rel}","templated":true}]}}