{"id":374,"date":"2025-09-06T16:18:14","date_gmt":"2025-09-06T16:18:14","guid":{"rendered":"https:\/\/artesaniavelaris.es\/velaris-blog\/?p=374"},"modified":"2025-09-09T09:19:57","modified_gmt":"2025-09-09T09:19:57","slug":"tipos-de-tela-para-utilizar-en-artesania-y-manualidades","status":"publish","type":"post","link":"https:\/\/artesaniavelaris.es\/velaris-blog\/2025\/09\/06\/tipos-de-tela-para-utilizar-en-artesania-y-manualidades\/","title":{"rendered":"Tipos de tela para utilizar en artesan\u00eda y manualidades"},"content":{"rendered":"<div class=\"wp-block-uagb-advanced-heading uagb-block-60765e40\"><h2 class=\"uagb-heading-text\">Algod\u00f3n<\/h2><\/div><div class=\"wp-block-uagb-container uagb-block-5252d1c2 alignfull uagb-is-root-container\"><div class=\"uagb-container-inner-blocks-wrap\"><div class=\"wp-block-uagb-container uagb-block-c2d2fada\"><figure class=\"wp-block-image size-large\"><img fetchpriority=\"high\" decoding=\"async\" width=\"1024\" height=\"1024\" src=\"https:\/\/artesaniavelaris.es\/velaris-blog\/wp-content\/uploads\/2025\/09\/popelina-1024x1024.jpg\" alt=\"\" class=\"wp-image-375\" srcset=\"https:\/\/artesaniavelaris.es\/velaris-blog\/wp-content\/uploads\/2025\/09\/popelina-1024x1024.jpg 1024w, https:\/\/artesaniavelaris.es\/velaris-blog\/wp-content\/uploads\/2025\/09\/popelina-300x300.jpg 300w, https:\/\/artesaniavelaris.es\/velaris-blog\/wp-content\/uploads\/2025\/09\/popelina-150x150.jpg 150w, https:\/\/artesaniavelaris.es\/velaris-blog\/wp-content\/uploads\/2025\/09\/popelina-768x768.jpg 768w, https:\/\/artesaniavelaris.es\/velaris-blog\/wp-content\/uploads\/2025\/09\/popelina-1536x1536.jpg 1536w, https:\/\/artesaniavelaris.es\/velaris-blog\/wp-content\/uploads\/2025\/09\/popelina-600x600.jpg 600w, https:\/\/artesaniavelaris.es\/velaris-blog\/wp-content\/uploads\/2025\/09\/popelina-100x100.jpg 100w, https:\/\/artesaniavelaris.es\/velaris-blog\/wp-content\/uploads\/2025\/09\/popelina.jpg 2048w\" sizes=\"(max-width: 1024px) 100vw, 1024px\" \/><\/figure><\/div>\n\n<div class=\"wp-block-uagb-container uagb-block-aa14d550\"><figure class=\"wp-block-image size-full\"><img decoding=\"async\" width=\"350\" height=\"263\" src=\"https:\/\/artesaniavelaris.es\/velaris-blog\/wp-content\/uploads\/2025\/09\/71zci0CTWXL._UF350350_QL50_.jpg\" alt=\"\" class=\"wp-image-376\" srcset=\"https:\/\/artesaniavelaris.es\/velaris-blog\/wp-content\/uploads\/2025\/09\/71zci0CTWXL._UF350350_QL50_.jpg 350w, https:\/\/artesaniavelaris.es\/velaris-blog\/wp-content\/uploads\/2025\/09\/71zci0CTWXL._UF350350_QL50_-300x225.jpg 300w\" sizes=\"(max-width: 350px) 100vw, 350px\" \/><\/figure><\/div>\n\n<div class=\"wp-block-uagb-container uagb-block-4aa3462e\"><figure class=\"wp-block-image size-full\"><img decoding=\"async\" width=\"500\" height=\"667\" src=\"https:\/\/artesaniavelaris.es\/velaris-blog\/wp-content\/uploads\/2025\/09\/3950fbd9fa36a5878654f7062c6969d7.jpg\" alt=\"\" class=\"wp-image-377\" srcset=\"https:\/\/artesaniavelaris.es\/velaris-blog\/wp-content\/uploads\/2025\/09\/3950fbd9fa36a5878654f7062c6969d7.jpg 500w, https:\/\/artesaniavelaris.es\/velaris-blog\/wp-content\/uploads\/2025\/09\/3950fbd9fa36a5878654f7062c6969d7-225x300.jpg 225w\" sizes=\"(max-width: 500px) 100vw, 500px\" \/><\/figure><\/div>\n\n<div class=\"wp-block-uagb-container uagb-block-0d20c1a3\"><div class=\"wp-block-uagb-advanced-heading uagb-block-f394f8fb\"><h3 class=\"uagb-heading-text\">Popelina<\/h3><\/div><\/div>\n\n<div class=\"wp-block-uagb-container uagb-block-bf90aef2\"><div class=\"wp-block-uagb-advanced-heading uagb-block-947132d7\"><h3 class=\"uagb-heading-text\">Lona<\/h3><\/div><\/div>\n\n<div class=\"wp-block-uagb-container uagb-block-acc0ccd3\"><div class=\"wp-block-uagb-advanced-heading uagb-block-21bbe353\"><h3 class=\"uagb-heading-text\">Patchwork<\/h3><\/div><\/div><\/div><\/div><p>El <strong>algod\u00f3n<\/strong>, es uno de los materiales m\u00e1s utilizados en nuestra vida diaria esta <strong>tela<\/strong> proviene de la fibra natural de la planta de algod\u00f3n <strong>(gossypium)<\/strong> una de las fibras textiles m\u00e1s antiguas con un proceso laborioso con varias fases se hilv\u00e1n, cardan y hilan para convertirlas en hilo y luego se tejen o tricotan para formar la tela.<\/p><ul class=\"wp-block-list\"><li><strong>Caracter\u00edsticas:<\/strong> suave, transpirable, f\u00e1cil de coser y te\u00f1ir.<\/li><\/ul><ul class=\"wp-block-list\"><li><strong>Usos:<\/strong> bordado, <strong>patchwork<\/strong>, mu\u00f1ecos, bolsos y manteles.<\/li><\/ul><ul class=\"wp-block-list\"><li><strong>Ventaja:<\/strong> vers\u00e1til y m\u00faltiples estampados y colores.<\/li><\/ul><div class=\"wp-block-uagb-advanced-heading uagb-block-df177258\"><h2 class=\"uagb-heading-text\">Lino<\/h2><\/div><div class=\"wp-block-uagb-container uagb-block-40c5144a alignfull uagb-is-root-container\"><div class=\"uagb-container-inner-blocks-wrap\"><div class=\"wp-block-uagb-container uagb-block-1119628c\"><figure class=\"wp-block-image size-full\"><img loading=\"lazy\" decoding=\"async\" width=\"918\" height=\"468\" src=\"https:\/\/artesaniavelaris.es\/velaris-blog\/wp-content\/uploads\/2025\/09\/lino.webp\" alt=\"\" class=\"wp-image-380\" srcset=\"https:\/\/artesaniavelaris.es\/velaris-blog\/wp-content\/uploads\/2025\/09\/lino.webp 918w, https:\/\/artesaniavelaris.es\/velaris-blog\/wp-content\/uploads\/2025\/09\/lino-300x153.webp 300w, https:\/\/artesaniavelaris.es\/velaris-blog\/wp-content\/uploads\/2025\/09\/lino-768x392.webp 768w, https:\/\/artesaniavelaris.es\/velaris-blog\/wp-content\/uploads\/2025\/09\/lino-600x306.webp 600w\" sizes=\"(max-width: 918px) 100vw, 918px\" \/><\/figure><\/div>\n\n<div class=\"wp-block-uagb-container uagb-block-4ba4c975\"><figure class=\"wp-block-image size-full\"><img loading=\"lazy\" decoding=\"async\" width=\"450\" height=\"338\" src=\"https:\/\/artesaniavelaris.es\/velaris-blog\/wp-content\/uploads\/2025\/09\/121588022-semillas-de-lino-con-espacio-de-copia-semilla-de-lino-marron-sobre-fondo-texturizado-de-hormigon.jpg\" alt=\"\" class=\"wp-image-381\" srcset=\"https:\/\/artesaniavelaris.es\/velaris-blog\/wp-content\/uploads\/2025\/09\/121588022-semillas-de-lino-con-espacio-de-copia-semilla-de-lino-marron-sobre-fondo-texturizado-de-hormigon.jpg 450w, https:\/\/artesaniavelaris.es\/velaris-blog\/wp-content\/uploads\/2025\/09\/121588022-semillas-de-lino-con-espacio-de-copia-semilla-de-lino-marron-sobre-fondo-texturizado-de-hormigon-300x225.jpg 300w\" sizes=\"(max-width: 450px) 100vw, 450px\" \/><\/figure><\/div><\/div><\/div><p>Este tipo de tela esta hecho por componente naturales, su nombre proviene de la fibra del linum usitatissimum (planta del lino).<\/p><ul class=\"wp-block-list\"><li><strong>Caracter\u00edsticas:<\/strong> fibra natural, destaca por la frescura de su tacto y ofrecer resistencia por su textura rugosa y aspecto r\u00fastico a su vez ligero y con sensaci\u00f3n de frescura, aunque su precio se encarece porque el proceso para obtenerlo.<\/li><\/ul><ul class=\"wp-block-list\"><li><strong>Uso:<\/strong> En <strong>\u00e1mbito textil<\/strong> es utilizado para blusas, vestidos y pantalones de alta calidad, tambi\u00e9n en tapicer\u00eda, bordados, decoraci\u00f3n, hogar y ropa. En <strong>manualidades<\/strong> hechas a mano o art\u00edstico hay m\u00faltiples opciones decorativas para usar, como forrar cajas, botellas, hacer saquitos o bolsas y crear efectos r\u00fasticos en la decoraci\u00f3n con efecto de elegancia al tacto. Los artesanos utilizan este material para lienzos, tapices hechos a mano con fibras de lino te\u00f1idas y en bordados es un material \u00fanico para encajes de bolillos y crochet, adem\u00e1s su composici\u00f3n es perfecta para realizar trabajos de macram\u00e9.<\/li><\/ul><div class=\"wp-block-uagb-advanced-heading uagb-block-fb585763\"><h2 class=\"uagb-heading-text\">Lana<\/h2><\/div><div class=\"wp-block-uagb-container uagb-block-9567e7d6 alignfull uagb-is-root-container\"><div class=\"uagb-container-inner-blocks-wrap\"><div class=\"wp-block-uagb-container uagb-block-75811e4e\"><figure class=\"wp-block-image size-large\"><img loading=\"lazy\" decoding=\"async\" width=\"1024\" height=\"768\" src=\"https:\/\/artesaniavelaris.es\/velaris-blog\/wp-content\/uploads\/2025\/09\/103-1024x768.webp\" alt=\"\" class=\"wp-image-382\" srcset=\"https:\/\/artesaniavelaris.es\/velaris-blog\/wp-content\/uploads\/2025\/09\/103-1024x768.webp 1024w, https:\/\/artesaniavelaris.es\/velaris-blog\/wp-content\/uploads\/2025\/09\/103-300x225.webp 300w, https:\/\/artesaniavelaris.es\/velaris-blog\/wp-content\/uploads\/2025\/09\/103-768x576.webp 768w, https:\/\/artesaniavelaris.es\/velaris-blog\/wp-content\/uploads\/2025\/09\/103-600x450.webp 600w, https:\/\/artesaniavelaris.es\/velaris-blog\/wp-content\/uploads\/2025\/09\/103.webp 1200w\" sizes=\"(max-width: 1024px) 100vw, 1024px\" \/><\/figure><\/div>\n\n<div class=\"wp-block-uagb-container uagb-block-2a1d66fd\"><figure class=\"wp-block-image size-large\"><img loading=\"lazy\" decoding=\"async\" width=\"1024\" height=\"576\" src=\"https:\/\/artesaniavelaris.es\/velaris-blog\/wp-content\/uploads\/2025\/09\/tipos-de-lana-1-1024x576.jpg\" alt=\"\" class=\"wp-image-383\" srcset=\"https:\/\/artesaniavelaris.es\/velaris-blog\/wp-content\/uploads\/2025\/09\/tipos-de-lana-1-1024x576.jpg 1024w, https:\/\/artesaniavelaris.es\/velaris-blog\/wp-content\/uploads\/2025\/09\/tipos-de-lana-1-300x169.jpg 300w, https:\/\/artesaniavelaris.es\/velaris-blog\/wp-content\/uploads\/2025\/09\/tipos-de-lana-1-768x432.jpg 768w, https:\/\/artesaniavelaris.es\/velaris-blog\/wp-content\/uploads\/2025\/09\/tipos-de-lana-1-1536x864.jpg 1536w, https:\/\/artesaniavelaris.es\/velaris-blog\/wp-content\/uploads\/2025\/09\/tipos-de-lana-1-1280x720.jpg 1280w, https:\/\/artesaniavelaris.es\/velaris-blog\/wp-content\/uploads\/2025\/09\/tipos-de-lana-1-600x338.jpg 600w, https:\/\/artesaniavelaris.es\/velaris-blog\/wp-content\/uploads\/2025\/09\/tipos-de-lana-1.jpg 1920w\" sizes=\"(max-width: 1024px) 100vw, 1024px\" \/><\/figure><\/div><\/div><\/div><p><strong>Material biol\u00f3gico<\/strong>, procede del vell\u00f3n de la oveja, su pelaje est\u00e1 compuesto por fibra de queratina, de ah\u00ed su suavidad\u00a0 al tacto.\u00a0<\/p><ul class=\"wp-block-list\"><li><strong>Caracter\u00edsticas:<\/strong> Es c\u00e1lida y aislante t\u00e9rmica porque eso muy utilizada en inviernos fr\u00edos, ya que mantiene calor corporal , adem\u00e1s de ser higrosc\u00f3pica, puede absorber la humedad sin sentirse mojado y recupera su forma con facilidad por su flexibilidad.<\/li><\/ul><ul class=\"wp-block-list\"><li><strong>Uso:<\/strong>\u00a0 Para prendas de invierno como <strong>bufandas, gorros, chaquetas, jerseys<\/strong>, se utilizan distintas t\u00e9cnicas para tejer a mano desde las mas comunes como el punto con aguja crochet o ganchillo o telar donde se crean verdaderas obras de arte hasta t\u00e9cnicas m\u00e1s modernas como el <strong>felting<\/strong>, m\u00e9todo donde se carda la lana usando aguja especial para hacer mu\u00f1ecos, figuras, etc.<\/li><\/ul><div class=\"wp-block-uagb-advanced-heading uagb-block-c055ce80\"><h2 class=\"uagb-heading-text\">Seda<\/h2><\/div><div class=\"wp-block-uagb-container uagb-block-65e9e650 alignfull uagb-is-root-container\"><div class=\"uagb-container-inner-blocks-wrap\"><div class=\"wp-block-uagb-container uagb-block-9c1f7fab\"><figure class=\"wp-block-image size-full\"><img loading=\"lazy\" decoding=\"async\" width=\"1001\" height=\"1001\" src=\"https:\/\/artesaniavelaris.es\/velaris-blog\/wp-content\/uploads\/2025\/09\/61tLuFcmHEL.jpg\" alt=\"\" class=\"wp-image-384\" srcset=\"https:\/\/artesaniavelaris.es\/velaris-blog\/wp-content\/uploads\/2025\/09\/61tLuFcmHEL.jpg 1001w, https:\/\/artesaniavelaris.es\/velaris-blog\/wp-content\/uploads\/2025\/09\/61tLuFcmHEL-300x300.jpg 300w, https:\/\/artesaniavelaris.es\/velaris-blog\/wp-content\/uploads\/2025\/09\/61tLuFcmHEL-150x150.jpg 150w, https:\/\/artesaniavelaris.es\/velaris-blog\/wp-content\/uploads\/2025\/09\/61tLuFcmHEL-768x768.jpg 768w, https:\/\/artesaniavelaris.es\/velaris-blog\/wp-content\/uploads\/2025\/09\/61tLuFcmHEL-600x600.jpg 600w, https:\/\/artesaniavelaris.es\/velaris-blog\/wp-content\/uploads\/2025\/09\/61tLuFcmHEL-100x100.jpg 100w\" sizes=\"(max-width: 1001px) 100vw, 1001px\" \/><\/figure><\/div>\n\n<div class=\"wp-block-uagb-container uagb-block-051d4356\"><figure class=\"wp-block-image size-large\"><img loading=\"lazy\" decoding=\"async\" width=\"1024\" height=\"683\" src=\"https:\/\/artesaniavelaris.es\/velaris-blog\/wp-content\/uploads\/2025\/09\/f3407760-6d00-11ee-8bfd-52620c0c3da3-1024x683.jpeg\" alt=\"\" class=\"wp-image-385\" srcset=\"https:\/\/artesaniavelaris.es\/velaris-blog\/wp-content\/uploads\/2025\/09\/f3407760-6d00-11ee-8bfd-52620c0c3da3-1024x683.jpeg 1024w, https:\/\/artesaniavelaris.es\/velaris-blog\/wp-content\/uploads\/2025\/09\/f3407760-6d00-11ee-8bfd-52620c0c3da3-300x200.jpeg 300w, https:\/\/artesaniavelaris.es\/velaris-blog\/wp-content\/uploads\/2025\/09\/f3407760-6d00-11ee-8bfd-52620c0c3da3-768x512.jpeg 768w, https:\/\/artesaniavelaris.es\/velaris-blog\/wp-content\/uploads\/2025\/09\/f3407760-6d00-11ee-8bfd-52620c0c3da3-600x400.jpeg 600w, https:\/\/artesaniavelaris.es\/velaris-blog\/wp-content\/uploads\/2025\/09\/f3407760-6d00-11ee-8bfd-52620c0c3da3.jpeg 1200w\" sizes=\"(max-width: 1024px) 100vw, 1024px\" \/><\/figure><\/div><\/div><\/div><p>Este tipo de tela es de <strong>origen biol\u00f3gico<\/strong>, ya que su procedencia es animal, en concreto de la oruga (Bombyx mori) quien en su fase cris\u00e1lida segrega un filamento para formar el capullo.<\/p><ul class=\"wp-block-list\"><li><strong>Caracter\u00edsticas:<\/strong> gran suavidad , brillante , ligera y delicada<\/li><\/ul><ul class=\"wp-block-list\"><li><strong>Uso:<\/strong> bordados finos, pa\u00f1uelos , ropa lujo, muy demandada por artesanos para <strong>bordados y apliques tradicionales con hilo<\/strong> de seda crean brillo y suavidad y en tejidos tradicionales como los saris, kimonos o rebozos, y por supuesto los mantones de manila bordados florales en seda con hilo natural.<\/li><\/ul><ul class=\"wp-block-list\"><li><strong>Ventaja:<\/strong> aporta elegancia en productos exclusivos.<\/li><\/ul><div class=\"wp-block-uagb-advanced-heading uagb-block-84dd13b9\"><h2 class=\"uagb-heading-text\">Yute<\/h2><\/div><div class=\"wp-block-uagb-container uagb-block-8be9a194 alignfull uagb-is-root-container\"><div class=\"uagb-container-inner-blocks-wrap\"><div class=\"wp-block-uagb-container uagb-block-d8080a7d\"><figure class=\"wp-block-image size-full\"><img loading=\"lazy\" decoding=\"async\" width=\"136\" height=\"136\" src=\"https:\/\/artesaniavelaris.es\/velaris-blog\/wp-content\/uploads\/2025\/09\/00187c05c36e5afbd7400fcd4f93339d.jpg\" alt=\"\" class=\"wp-image-386\" srcset=\"https:\/\/artesaniavelaris.es\/velaris-blog\/wp-content\/uploads\/2025\/09\/00187c05c36e5afbd7400fcd4f93339d.jpg 136w, https:\/\/artesaniavelaris.es\/velaris-blog\/wp-content\/uploads\/2025\/09\/00187c05c36e5afbd7400fcd4f93339d-100x100.jpg 100w\" sizes=\"(max-width: 136px) 100vw, 136px\" \/><\/figure><\/div>\n\n<div class=\"wp-block-uagb-container uagb-block-08521e81\"><figure class=\"wp-block-image size-full\"><img loading=\"lazy\" decoding=\"async\" width=\"300\" height=\"300\" src=\"https:\/\/artesaniavelaris.es\/velaris-blog\/wp-content\/uploads\/2025\/09\/100-Biodegradable-Raw-Jute-Supplier-From-Bangladesh-Jute-Material-Jute-Wholesale.jpg_300x300.avif\" alt=\"\" class=\"wp-image-387\" srcset=\"https:\/\/artesaniavelaris.es\/velaris-blog\/wp-content\/uploads\/2025\/09\/100-Biodegradable-Raw-Jute-Supplier-From-Bangladesh-Jute-Material-Jute-Wholesale.jpg_300x300.avif 300w, https:\/\/artesaniavelaris.es\/velaris-blog\/wp-content\/uploads\/2025\/09\/100-Biodegradable-Raw-Jute-Supplier-From-Bangladesh-Jute-Material-Jute-Wholesale.jpg_300x300-150x150.avif 150w, https:\/\/artesaniavelaris.es\/velaris-blog\/wp-content\/uploads\/2025\/09\/100-Biodegradable-Raw-Jute-Supplier-From-Bangladesh-Jute-Material-Jute-Wholesale.jpg_300x300-100x100.avif 100w\" sizes=\"(max-width: 300px) 100vw, 300px\" \/><\/figure><\/div>\n\n<div class=\"wp-block-uagb-container uagb-block-71457a72\"><figure class=\"wp-block-image size-full\"><img loading=\"lazy\" decoding=\"async\" width=\"225\" height=\"225\" src=\"https:\/\/artesaniavelaris.es\/velaris-blog\/wp-content\/uploads\/2025\/09\/images-1.jpeg\" alt=\"\" class=\"wp-image-388\" srcset=\"https:\/\/artesaniavelaris.es\/velaris-blog\/wp-content\/uploads\/2025\/09\/images-1.jpeg 225w, https:\/\/artesaniavelaris.es\/velaris-blog\/wp-content\/uploads\/2025\/09\/images-1-150x150.jpeg 150w, https:\/\/artesaniavelaris.es\/velaris-blog\/wp-content\/uploads\/2025\/09\/images-1-100x100.jpeg 100w\" sizes=\"(max-width: 225px) 100vw, 225px\" \/><\/figure><\/div>\n\n<div class=\"wp-block-uagb-container uagb-block-6b117b13\"><figure class=\"wp-block-image size-full\"><img loading=\"lazy\" decoding=\"async\" width=\"300\" height=\"300\" src=\"https:\/\/artesaniavelaris.es\/velaris-blog\/wp-content\/uploads\/2025\/09\/Jute-Fiber-for-Handicrafts-and-Eco-Products-Direct-Manufacturer-Raw-Jute-Mats-for-Sustainable-Gardening-and-Home-Decoration.png_300x300.avif\" alt=\"\" class=\"wp-image-389\" srcset=\"https:\/\/artesaniavelaris.es\/velaris-blog\/wp-content\/uploads\/2025\/09\/Jute-Fiber-for-Handicrafts-and-Eco-Products-Direct-Manufacturer-Raw-Jute-Mats-for-Sustainable-Gardening-and-Home-Decoration.png_300x300.avif 300w, https:\/\/artesaniavelaris.es\/velaris-blog\/wp-content\/uploads\/2025\/09\/Jute-Fiber-for-Handicrafts-and-Eco-Products-Direct-Manufacturer-Raw-Jute-Mats-for-Sustainable-Gardening-and-Home-Decoration.png_300x300-150x150.avif 150w, https:\/\/artesaniavelaris.es\/velaris-blog\/wp-content\/uploads\/2025\/09\/Jute-Fiber-for-Handicrafts-and-Eco-Products-Direct-Manufacturer-Raw-Jute-Mats-for-Sustainable-Gardening-and-Home-Decoration.png_300x300-100x100.avif 100w\" sizes=\"(max-width: 300px) 100vw, 300px\" \/><\/figure><\/div><\/div><\/div><p>Su procedencia es bot\u00e1nica, se adquiere de <strong>Corchorus<\/strong>, una planta con tallos altos que sumergida en agua hace que se separe la parte le\u00f1osa y aprovechar solo la fibra.<\/p><ul class=\"wp-block-list\"><li><strong>Caracter\u00edsticas:<\/strong> fibra gruesa, resistente,\u00a0 y \u00e1spero<\/li><\/ul><ul class=\"wp-block-list\"><li><strong>Usos:<\/strong> sacos, cuerdas, decoraci\u00f3n r\u00fastica y uso industrial por su dureza y un productos econ\u00f3mico.<\/li><\/ul><p>En <strong>artesan\u00eda<\/strong> es utilizado para crear un efecto <strong>r\u00fastico<\/strong>.<\/p><p>Tiene un efecto muy bonito y real en escenarios para maquetas, belenes y miniaturas al dar un efecto de \u00e9poca que quieres reflejar, por ejemplo en sacos de harina, cestos, cortinas, toldos para el mercado.<\/p><div class=\"wp-block-uagb-container uagb-block-51812bcc alignfull uagb-is-root-container\"><div class=\"uagb-container-inner-blocks-wrap\"><figure class=\"wp-block-image size-full\"><img loading=\"lazy\" decoding=\"async\" width=\"890\" height=\"850\" src=\"https:\/\/artesaniavelaris.es\/velaris-blog\/wp-content\/uploads\/2025\/09\/bolsas-patatas.jpg\" alt=\"\" class=\"wp-image-390\" srcset=\"https:\/\/artesaniavelaris.es\/velaris-blog\/wp-content\/uploads\/2025\/09\/bolsas-patatas.jpg 890w, https:\/\/artesaniavelaris.es\/velaris-blog\/wp-content\/uploads\/2025\/09\/bolsas-patatas-300x287.jpg 300w, https:\/\/artesaniavelaris.es\/velaris-blog\/wp-content\/uploads\/2025\/09\/bolsas-patatas-768x733.jpg 768w, https:\/\/artesaniavelaris.es\/velaris-blog\/wp-content\/uploads\/2025\/09\/bolsas-patatas-600x573.jpg 600w\" sizes=\"(max-width: 890px) 100vw, 890px\" \/><\/figure><\/div><\/div><div class=\"wp-block-uagb-advanced-heading uagb-block-426baaa9\"><h2 class=\"uagb-heading-text\">Organza y Tul<\/h2><\/div><div class=\"wp-block-uagb-container uagb-block-e6fa21ae alignfull uagb-is-root-container\"><div class=\"uagb-container-inner-blocks-wrap\"><div class=\"wp-block-uagb-container uagb-block-4adbcccd\"><figure class=\"wp-block-image size-full\"><img loading=\"lazy\" decoding=\"async\" width=\"350\" height=\"233\" src=\"https:\/\/artesaniavelaris.es\/velaris-blog\/wp-content\/uploads\/2025\/09\/719LVOXNiWL._UF350350_QL80_.jpg\" alt=\"\" class=\"wp-image-395\" srcset=\"https:\/\/artesaniavelaris.es\/velaris-blog\/wp-content\/uploads\/2025\/09\/719LVOXNiWL._UF350350_QL80_.jpg 350w, https:\/\/artesaniavelaris.es\/velaris-blog\/wp-content\/uploads\/2025\/09\/719LVOXNiWL._UF350350_QL80_-300x200.jpg 300w\" sizes=\"(max-width: 350px) 100vw, 350px\" \/><\/figure><\/div>\n\n<div class=\"wp-block-uagb-container uagb-block-17148ed5\"><figure class=\"wp-block-image size-large is-resized\"><img loading=\"lazy\" decoding=\"async\" width=\"768\" height=\"1024\" src=\"https:\/\/artesaniavelaris.es\/velaris-blog\/wp-content\/uploads\/2025\/09\/6_31f7f53b-988f-4619-a029-24f779b31ff9-768x1024.jpg\" alt=\"\" class=\"wp-image-396\" style=\"width:197px;height:auto\" srcset=\"https:\/\/artesaniavelaris.es\/velaris-blog\/wp-content\/uploads\/2025\/09\/6_31f7f53b-988f-4619-a029-24f779b31ff9-768x1024.jpg 768w, https:\/\/artesaniavelaris.es\/velaris-blog\/wp-content\/uploads\/2025\/09\/6_31f7f53b-988f-4619-a029-24f779b31ff9-225x300.jpg 225w, https:\/\/artesaniavelaris.es\/velaris-blog\/wp-content\/uploads\/2025\/09\/6_31f7f53b-988f-4619-a029-24f779b31ff9-600x800.jpg 600w, https:\/\/artesaniavelaris.es\/velaris-blog\/wp-content\/uploads\/2025\/09\/6_31f7f53b-988f-4619-a029-24f779b31ff9.jpg 900w\" sizes=\"(max-width: 768px) 100vw, 768px\" \/><\/figure><\/div><\/div><\/div><ul class=\"wp-block-list\"><li><strong>Caracter\u00edsticas:<\/strong> livianas, transl\u00facidas y con cierta rigidez.<\/li><\/ul><ul class=\"wp-block-list\"><li><strong>Usos:<\/strong> muy usada en visillos y cortinas porque al trasl\u00facida permite aportar luz en en interior, adem\u00e1s de quedar elegante , precisamente por su elegancia tambi\u00e9n se utiliza en eventos para decoraciones, en tocados, en ornamentos de <a href=\"https:\/\/artesaniavelaris.es\/tienda\/es\/inicio\/29-174-mascara-artesanal-pastello.html#\/47-colores_pastel-morado\" data-type=\"link\" data-id=\"https:\/\/artesaniavelaris.es\/tienda\/es\/inicio\/29-174-mascara-artesanal-pastello.html#\/47-colores_pastel-morado\">mascaras<\/a>\u00a0 y <a href=\"https:\/\/artesaniavelaris.es\/tienda\/es\/inicio\/35-200-antifaz-artesanal-dorado.html#\/27-color-rojo\/44-color_encaje-oro\/51-forma-forma_1\" data-type=\"link\" data-id=\"https:\/\/artesaniavelaris.es\/tienda\/es\/inicio\/35-200-antifaz-artesanal-dorado.html#\/27-color-rojo\/44-color_encaje-oro\/51-forma-forma_1\">antifaz dado<\/a> un toque de distinci\u00f3n en sus adornos o complementos. El tul es mucho m\u00e1s ligero y ca\u00eddo por eso es el elegido para complementos m\u00e1s delicados como velo de novia, los ramos de novia artificiales.<\/li><\/ul><div class=\"wp-block-uagb-advanced-heading uagb-block-be9b756b\"><h2 class=\"uagb-heading-text\">Tela Piqu\u00e9<\/h2><\/div><div class=\"wp-block-uagb-container uagb-block-e26d3d26 alignfull uagb-is-root-container\"><div class=\"uagb-container-inner-blocks-wrap\"><div class=\"wp-block-uagb-container uagb-block-b60fc177\"><figure class=\"wp-block-image size-full is-resized\"><img loading=\"lazy\" decoding=\"async\" width=\"250\" height=\"250\" src=\"https:\/\/artesaniavelaris.es\/velaris-blog\/wp-content\/uploads\/2025\/09\/pique-ojo-de-perdiz-en-blancorojo-tela-pique-en-color-blancorojo.jpg\" alt=\"\" class=\"wp-image-397\" style=\"width:380px;height:auto\" srcset=\"https:\/\/artesaniavelaris.es\/velaris-blog\/wp-content\/uploads\/2025\/09\/pique-ojo-de-perdiz-en-blancorojo-tela-pique-en-color-blancorojo.jpg 250w, https:\/\/artesaniavelaris.es\/velaris-blog\/wp-content\/uploads\/2025\/09\/pique-ojo-de-perdiz-en-blancorojo-tela-pique-en-color-blancorojo-150x150.jpg 150w, https:\/\/artesaniavelaris.es\/velaris-blog\/wp-content\/uploads\/2025\/09\/pique-ojo-de-perdiz-en-blancorojo-tela-pique-en-color-blancorojo-100x100.jpg 100w\" sizes=\"(max-width: 250px) 100vw, 250px\" \/><\/figure><\/div>\n\n<div class=\"wp-block-uagb-container uagb-block-59053f05\"><figure class=\"wp-block-image size-full is-resized\"><img loading=\"lazy\" decoding=\"async\" width=\"400\" height=\"533\" src=\"https:\/\/artesaniavelaris.es\/velaris-blog\/wp-content\/uploads\/2025\/09\/SBAX9319-400x533-1.jpg\" alt=\"\" class=\"wp-image-398\" style=\"width:282px;height:auto\" srcset=\"https:\/\/artesaniavelaris.es\/velaris-blog\/wp-content\/uploads\/2025\/09\/SBAX9319-400x533-1.jpg 400w, https:\/\/artesaniavelaris.es\/velaris-blog\/wp-content\/uploads\/2025\/09\/SBAX9319-400x533-1-225x300.jpg 225w\" sizes=\"(max-width: 400px) 100vw, 400px\" \/><\/figure><\/div><\/div><\/div><ul class=\"wp-block-list\"><li><strong>Caracter\u00edsticas:<\/strong> En sus distintos relieves podemos encontrar rombos, cuadros, panel de abeja e incluso bordados realizados a m\u00e1quina o hechos a mano.<\/li><\/ul><ul class=\"wp-block-list\"><li><strong>Usos:<\/strong> Una tela que por su resistencia se usa generalmente para bordados pero por su calidez y textura en complementos de bebe.                                                                                                        En el mundo creativo es una alternativa muy buena donde adem\u00e1s de trabajar un producto de calidad te ofrece miles de posibilidades desde hacer bolsitas hechas a mano hasta utilizando para forrar decoraciones como botellas, cajas, <a href=\"https:\/\/artesaniavelaris.es\/tienda\/es\/3-mascaras\" data-type=\"link\" data-id=\"https:\/\/artesaniavelaris.es\/tienda\/es\/3-mascaras\">m\u00e1scaras<\/a> y <a href=\"https:\/\/artesaniavelaris.es\/tienda\/es\/6-antifaces\" data-type=\"link\" data-id=\"https:\/\/artesaniavelaris.es\/tienda\/es\/6-antifaces\">antifaces<\/a>, ya que la tela pintada es una t\u00e9cnica utilizada en bellas artes que da elegancia y sofisticaci\u00f3n a las piezas decoradas porque aguanta muy bien tanto las <a href=\"https:\/\/artesaniavelaris.es\/velaris-blog\/2025\/08\/29\/tipos-de-pintura-en-la-artesania\/\" data-type=\"link\" data-id=\"https:\/\/artesaniavelaris.es\/velaris-blog\/2025\/08\/29\/tipos-de-pintura-en-la-artesania\/\">pinturas acr\u00edlicas<\/a> como los barnices.<\/li><\/ul><div class=\"wp-block-uagb-container uagb-block-1073b96b alignfull uagb-is-root-container\"><div class=\"uagb-container-inner-blocks-wrap\"><figure class=\"wp-block-image size-full\"><img loading=\"lazy\" decoding=\"async\" width=\"800\" height=\"800\" src=\"https:\/\/artesaniavelaris.es\/velaris-blog\/wp-content\/uploads\/2025\/08\/2.jpg\" alt=\"\" class=\"wp-image-336\" srcset=\"https:\/\/artesaniavelaris.es\/velaris-blog\/wp-content\/uploads\/2025\/08\/2.jpg 800w, https:\/\/artesaniavelaris.es\/velaris-blog\/wp-content\/uploads\/2025\/08\/2-300x300.jpg 300w, https:\/\/artesaniavelaris.es\/velaris-blog\/wp-content\/uploads\/2025\/08\/2-150x150.jpg 150w, https:\/\/artesaniavelaris.es\/velaris-blog\/wp-content\/uploads\/2025\/08\/2-768x768.jpg 768w, https:\/\/artesaniavelaris.es\/velaris-blog\/wp-content\/uploads\/2025\/08\/2-600x600.jpg 600w, https:\/\/artesaniavelaris.es\/velaris-blog\/wp-content\/uploads\/2025\/08\/2-100x100.jpg 100w\" sizes=\"(max-width: 800px) 100vw, 800px\" \/><\/figure><\/div><\/div><div class=\"wp-block-uagb-advanced-heading uagb-block-f1c59049\"><h2 class=\"uagb-heading-text\">Tela Jacquard<\/h2><\/div><div class=\"wp-block-uagb-container uagb-block-bd64064a alignfull uagb-is-root-container\"><div class=\"uagb-container-inner-blocks-wrap\"><div class=\"wp-block-uagb-container uagb-block-82a57d60\"><figure class=\"wp-block-image size-large is-resized\"><img loading=\"lazy\" decoding=\"async\" width=\"1024\" height=\"1024\" src=\"https:\/\/artesaniavelaris.es\/velaris-blog\/wp-content\/uploads\/2025\/09\/il_fullxfull.3719650029_kmyb-1024x1024.jpg\" alt=\"\" class=\"wp-image-400\" style=\"width:339px;height:auto\" srcset=\"https:\/\/artesaniavelaris.es\/velaris-blog\/wp-content\/uploads\/2025\/09\/il_fullxfull.3719650029_kmyb-1024x1024.jpg 1024w, https:\/\/artesaniavelaris.es\/velaris-blog\/wp-content\/uploads\/2025\/09\/il_fullxfull.3719650029_kmyb-300x300.jpg 300w, https:\/\/artesaniavelaris.es\/velaris-blog\/wp-content\/uploads\/2025\/09\/il_fullxfull.3719650029_kmyb-150x150.jpg 150w, https:\/\/artesaniavelaris.es\/velaris-blog\/wp-content\/uploads\/2025\/09\/il_fullxfull.3719650029_kmyb-768x768.jpg 768w, https:\/\/artesaniavelaris.es\/velaris-blog\/wp-content\/uploads\/2025\/09\/il_fullxfull.3719650029_kmyb-1536x1536.jpg 1536w, https:\/\/artesaniavelaris.es\/velaris-blog\/wp-content\/uploads\/2025\/09\/il_fullxfull.3719650029_kmyb-2048x2048.jpg 2048w, https:\/\/artesaniavelaris.es\/velaris-blog\/wp-content\/uploads\/2025\/09\/il_fullxfull.3719650029_kmyb-600x600.jpg 600w, https:\/\/artesaniavelaris.es\/velaris-blog\/wp-content\/uploads\/2025\/09\/il_fullxfull.3719650029_kmyb-100x100.jpg 100w\" sizes=\"(max-width: 1024px) 100vw, 1024px\" \/><\/figure><\/div>\n\n<div class=\"wp-block-uagb-container uagb-block-688e228b\"><figure class=\"wp-block-image size-full is-resized\"><img loading=\"lazy\" decoding=\"async\" width=\"170\" height=\"135\" src=\"https:\/\/artesaniavelaris.es\/velaris-blog\/wp-content\/uploads\/2025\/09\/il_170x135.1581613128_j2zt.webp\" alt=\"\" class=\"wp-image-401\" style=\"width:380px;height:auto\"\/><\/figure><\/div><\/div><\/div><p>Este tipo queda espectacular en todas sus creaciones por su belleza en relieves y elegancia de texturas y brillo.<\/p><ul class=\"wp-block-list\"><li><strong>Caracter\u00edsticas:<\/strong> variedad en sus dibujos con formas florales, geom\u00e9tricos, damascos, arabescos de gran belleza hechos a mano en tapiz o a m\u00e1quina pero nunca impresos para dar relieve y volumen al retal. tiene variantes en su composici\u00f3n, puede ser de algod\u00f3n, seda, poli\u00e9ster o utilizar mezclar para crear un tejido resistente y duradero, adem\u00e1s el hilo utilizado puede ser r\u00edgido o flexible dando versatilidad al uso.<\/li><\/ul><ul class=\"wp-block-list\"><li><strong>Usos:<\/strong> Muy apreciado en tapicer\u00eda para cortinas, colchas manteles por ofrecer tanto resistencia al tiempo como elegancia en la decoraci\u00f3n\u00a0<\/li><\/ul><p>Otro de sus usos es en dise\u00f1os de trajes de \u00e9poca, el barroco, el romanticismo o \u00e9poca bizantina donde personajes de la nobleza vest\u00edan con motivos florales y dorados, acompa\u00f1ados de encajes y muselinas en los cuellos y mangas.<\/p><p>En el cuadro art\u00edstico y hecho a mano puede dar gran variedad de alternativas para decoraci\u00f3n de materiales como cuadros y monederos, perfecto para\u00a0 la decoraci\u00f3n de m\u00e1scaras y antifaces, su belleza proporciona elegancia y su resistencia aguante el pegamento y el barniz sin perder su calidad, en las m\u00e1scaras y antifaces hechos a mano es muy utilizada no solo para la ornamentaci\u00f3n, tambi\u00e9n para cubrir la base haciendo forma y perfilando los ojos.<\/p><figure class=\"wp-block-embed is-type-video is-provider-youtube wp-block-embed-youtube wp-embed-aspect-16-9 wp-has-aspect-ratio\"><div class=\"wp-block-embed__wrapper\">\n<iframe title=\"\u00bfC\u00f3mo hacer un antifaz de tela hecho a mano?\" width=\"640\" height=\"360\" src=\"https:\/\/www.youtube.com\/embed\/UBlT5HjyfWY?feature=oembed\" frameborder=\"0\" allow=\"accelerometer; autoplay; clipboard-write; encrypted-media; gyroscope; picture-in-picture; web-share\" referrerpolicy=\"strict-origin-when-cross-origin\" allowfullscreen><\/iframe>\n<\/div><\/figure>","protected":false},"excerpt":{"rendered":"<p>Algod\u00f3n Popelina Lona Patchwork El algod\u00f3n, es uno de los materiales m\u00e1s utilizados en nuestra vida diaria esta tela proviene de la fibra natural de la planta de algod\u00f3n (gossypium) una de las fibras textiles m\u00e1s antiguas con un proceso laborioso con varias fases se hilv\u00e1n, cardan y hilan para convertirlas en hilo y luego [&hellip;]<\/p>\n","protected":false},"author":1,"featured_media":337,"comment_status":"open","ping_status":"open","sticky":false,"template":"","format":"standard","meta":{"_uag_custom_page_level_css":"","_jetpack_memberships_contains_paid_content":false,"footnotes":""},"categories":[21],"tags":[],"class_list":["post-374","post","type-post","status-publish","format-standard","has-post-thumbnail","hentry","category-artesania"],"jetpack_featured_media_url":"https:\/\/artesaniavelaris.es\/velaris-blog\/wp-content\/uploads\/2025\/08\/1.jpg","uagb_featured_image_src":{"full":["https:\/\/artesaniavelaris.es\/velaris-blog\/wp-content\/uploads\/2025\/08\/1.jpg",800,800,false],"thumbnail":["https:\/\/artesaniavelaris.es\/velaris-blog\/wp-content\/uploads\/2025\/08\/1-150x150.jpg",150,150,true],"medium":["https:\/\/artesaniavelaris.es\/velaris-blog\/wp-content\/uploads\/2025\/08\/1-300x300.jpg",300,300,true],"medium_large":["https:\/\/artesaniavelaris.es\/velaris-blog\/wp-content\/uploads\/2025\/08\/1-768x768.jpg",640,640,true],"large":["https:\/\/artesaniavelaris.es\/velaris-blog\/wp-content\/uploads\/2025\/08\/1.jpg",640,640,false],"1536x1536":["https:\/\/artesaniavelaris.es\/velaris-blog\/wp-content\/uploads\/2025\/08\/1.jpg",800,800,false],"2048x2048":["https:\/\/artesaniavelaris.es\/velaris-blog\/wp-content\/uploads\/2025\/08\/1.jpg",800,800,false],"blogarise-slider-full":["https:\/\/artesaniavelaris.es\/velaris-blog\/wp-content\/uploads\/2025\/08\/1-800x720.jpg",800,720,true],"blogarise-featured":["https:\/\/artesaniavelaris.es\/velaris-blog\/wp-content\/uploads\/2025\/08\/1.jpg",800,800,false],"blogarise-medium":["https:\/\/artesaniavelaris.es\/velaris-blog\/wp-content\/uploads\/2025\/08\/1-720x380.jpg",720,380,true],"woocommerce_thumbnail":["https:\/\/artesaniavelaris.es\/velaris-blog\/wp-content\/uploads\/2025\/08\/1-300x300.jpg",300,300,true],"woocommerce_single":["https:\/\/artesaniavelaris.es\/velaris-blog\/wp-content\/uploads\/2025\/08\/1-600x600.jpg",600,600,true],"woocommerce_gallery_thumbnail":["https:\/\/artesaniavelaris.es\/velaris-blog\/wp-content\/uploads\/2025\/08\/1-100x100.jpg",100,100,true]},"uagb_author_info":{"display_name":"Velaris","author_link":"https:\/\/artesaniavelaris.es\/velaris-blog\/author\/fromanr\/"},"uagb_comment_info":0,"uagb_excerpt":"Algod\u00f3n Popelina Lona Patchwork El algod\u00f3n, es uno de los materiales m\u00e1s utilizados en nuestra vida diaria esta tela proviene de la fibra natural de la planta de algod\u00f3n (gossypium) una de las fibras textiles m\u00e1s antiguas con un proceso laborioso con varias fases se hilv\u00e1n, cardan y hilan para convertirlas en hilo y luego&hellip;","jetpack_sharing_enabled":true,"_links":{"self":[{"href":"https:\/\/artesaniavelaris.es\/velaris-blog\/wp-json\/wp\/v2\/posts\/374","targetHints":{"allow":["GET"]}}],"collection":[{"href":"https:\/\/artesaniavelaris.es\/velaris-blog\/wp-json\/wp\/v2\/posts"}],"about":[{"href":"https:\/\/artesaniavelaris.es\/velaris-blog\/wp-json\/wp\/v2\/types\/post"}],"author":[{"embeddable":true,"href":"https:\/\/artesaniavelaris.es\/velaris-blog\/wp-json\/wp\/v2\/users\/1"}],"replies":[{"embeddable":true,"href":"https:\/\/artesaniavelaris.es\/velaris-blog\/wp-json\/wp\/v2\/comments?post=374"}],"version-history":[{"count":7,"href":"https:\/\/artesaniavelaris.es\/velaris-blog\/wp-json\/wp\/v2\/posts\/374\/revisions"}],"predecessor-version":[{"id":403,"href":"https:\/\/artesaniavelaris.es\/velaris-blog\/wp-json\/wp\/v2\/posts\/374\/revisions\/403"}],"wp:featuredmedia":[{"embeddable":true,"href":"https:\/\/artesaniavelaris.es\/velaris-blog\/wp-json\/wp\/v2\/media\/337"}],"wp:attachment":[{"href":"https:\/\/artesaniavelaris.es\/velaris-blog\/wp-json\/wp\/v2\/media?parent=374"}],"wp:term":[{"taxonomy":"category","embeddable":true,"href":"https:\/\/artesaniavelaris.es\/velaris-blog\/wp-json\/wp\/v2\/categories?post=374"},{"taxonomy":"post_tag","embeddable":true,"href":"https:\/\/artesaniavelaris.es\/velaris-blog\/wp-json\/wp\/v2\/tags?post=374"}],"curies":[{"name":"wp","href":"https:\/\/api.w.org\/{rel}","templated":true}]}}