{"id":404,"date":"2025-09-09T10:45:45","date_gmt":"2025-09-09T10:45:45","guid":{"rendered":"https:\/\/artesaniavelaris.es\/velaris-blog\/?p=404"},"modified":"2025-09-29T10:18:04","modified_gmt":"2025-09-29T10:18:04","slug":"ferias-de-artesania","status":"publish","type":"post","link":"https:\/\/artesaniavelaris.es\/velaris-blog\/2025\/09\/09\/ferias-de-artesania\/","title":{"rendered":"Ferias de artesan\u00eda"},"content":{"rendered":"<p>Las ferias de artesan\u00eda se han hecho muy populares porque suponen un espacio cultural y comercial donde los artesanos pueden mostrar y vender sus productos, dar a conocer su obra y sus t\u00e9cnicas originales y tradicionales.<\/p><p>Es una combinaci\u00f3n donde los visitantes, adem\u00e1s de encontrar productos \u00fanicos y exclusivos pueden disfrutar de actividades l\u00fadicas dentro de una tem\u00e1tica de \u00e9poca.<\/p><div class=\"wp-block-uagb-advanced-heading uagb-block-f4d49ed2\"><h2 class=\"uagb-heading-text\">Tipolog\u00eda de los productos m\u00e1s vendidos<\/h2><\/div><ul class=\"wp-block-list\"><li><strong>Artesan\u00eda tradicional:<\/strong>\u00a0cer\u00e1mica, alfarer\u00eda, madera tallada, cuero y piel, forja y hierro.<\/li><\/ul><div class=\"wp-block-uagb-container uagb-block-2ecbfb6e alignfull uagb-is-root-container\"><div class=\"uagb-container-inner-blocks-wrap\"><div class=\"wp-block-uagb-container uagb-block-3df5da5d\"><figure class=\"wp-block-image size-full\"><img fetchpriority=\"high\" decoding=\"async\" width=\"414\" height=\"272\" src=\"https:\/\/artesaniavelaris.es\/velaris-blog\/wp-content\/uploads\/2025\/09\/HRGJEXHPBMCKI23CC45ANDXGHQ.avif\" alt=\"\" class=\"wp-image-405\" srcset=\"https:\/\/artesaniavelaris.es\/velaris-blog\/wp-content\/uploads\/2025\/09\/HRGJEXHPBMCKI23CC45ANDXGHQ.avif 414w, https:\/\/artesaniavelaris.es\/velaris-blog\/wp-content\/uploads\/2025\/09\/HRGJEXHPBMCKI23CC45ANDXGHQ-300x197.avif 300w\" sizes=\"(max-width: 414px) 100vw, 414px\" \/><\/figure><\/div>\n\n<div class=\"wp-block-uagb-container uagb-block-ea9b971a\"><figure class=\"wp-block-image size-full\"><img decoding=\"async\" width=\"600\" height=\"400\" src=\"https:\/\/artesaniavelaris.es\/velaris-blog\/wp-content\/uploads\/2025\/09\/depositphotos_329209632-stock-photo-moroccan-style-market-medina-souvenir.webp\" alt=\"\" class=\"wp-image-406\" srcset=\"https:\/\/artesaniavelaris.es\/velaris-blog\/wp-content\/uploads\/2025\/09\/depositphotos_329209632-stock-photo-moroccan-style-market-medina-souvenir.webp 600w, https:\/\/artesaniavelaris.es\/velaris-blog\/wp-content\/uploads\/2025\/09\/depositphotos_329209632-stock-photo-moroccan-style-market-medina-souvenir-300x200.webp 300w\" sizes=\"(max-width: 600px) 100vw, 600px\" \/><\/figure><\/div>\n\n<div class=\"wp-block-uagb-container uagb-block-aa0cd163\"><figure class=\"wp-block-image size-full\"><img decoding=\"async\" width=\"259\" height=\"194\" src=\"https:\/\/artesaniavelaris.es\/velaris-blog\/wp-content\/uploads\/2025\/09\/images-1-1.jpeg\" alt=\"\" class=\"wp-image-407\"\/><\/figure><\/div><\/div><\/div><p>Son muy representativos en este tipo de ferias ya que adem\u00e1s de exponer sus piezas \u00fanicas dan a conocer a los visitantes los oficios m\u00e1s tradicionales para mantener su esencia de acabados hechos a mano combinando la est\u00e9tica, la funcionalidad y la tradici\u00f3n.<\/p><ul class=\"wp-block-list\"><li><strong>Arte y decoraci\u00f3n:<\/strong> Adem\u00e1s el artesano confecciona verdaderas obras y decoraci\u00f3n hechas a mano no solo utilizando t\u00e9cnicas tradicionales sino ofreciendo un gama de productos decorativos que con toque antiguo se adaptan a la actualidad con dise\u00f1os originales, como <strong>cuadros, esculturas, m\u00e1scaras y antifaces, etc.<\/strong><\/li><\/ul><div class=\"wp-block-uagb-container uagb-block-8a3771e2 alignfull uagb-is-root-container\"><div class=\"uagb-container-inner-blocks-wrap\"><div class=\"wp-block-uagb-container uagb-block-3081e1c9\"><figure class=\"wp-block-image size-full\"><img loading=\"lazy\" decoding=\"async\" width=\"350\" height=\"350\" src=\"https:\/\/artesaniavelaris.es\/velaris-blog\/wp-content\/uploads\/2025\/09\/81TNXvS1IZL._UF350350_QL80_.jpg\" alt=\"\" class=\"wp-image-409\" srcset=\"https:\/\/artesaniavelaris.es\/velaris-blog\/wp-content\/uploads\/2025\/09\/81TNXvS1IZL._UF350350_QL80_.jpg 350w, https:\/\/artesaniavelaris.es\/velaris-blog\/wp-content\/uploads\/2025\/09\/81TNXvS1IZL._UF350350_QL80_-300x300.jpg 300w, https:\/\/artesaniavelaris.es\/velaris-blog\/wp-content\/uploads\/2025\/09\/81TNXvS1IZL._UF350350_QL80_-150x150.jpg 150w, https:\/\/artesaniavelaris.es\/velaris-blog\/wp-content\/uploads\/2025\/09\/81TNXvS1IZL._UF350350_QL80_-100x100.jpg 100w\" sizes=\"(max-width: 350px) 100vw, 350px\" \/><\/figure><\/div>\n\n<div class=\"wp-block-uagb-container uagb-block-d36971af\"><figure class=\"wp-block-image size-full is-resized\"><img loading=\"lazy\" decoding=\"async\" width=\"570\" height=\"760\" src=\"https:\/\/artesaniavelaris.es\/velaris-blog\/wp-content\/uploads\/2025\/09\/il_570xN.2587297514_343f.webp\" alt=\"\" class=\"wp-image-410\" style=\"width:207px;height:auto\" srcset=\"https:\/\/artesaniavelaris.es\/velaris-blog\/wp-content\/uploads\/2025\/09\/il_570xN.2587297514_343f.webp 570w, https:\/\/artesaniavelaris.es\/velaris-blog\/wp-content\/uploads\/2025\/09\/il_570xN.2587297514_343f-225x300.webp 225w\" sizes=\"(max-width: 570px) 100vw, 570px\" \/><\/figure><\/div>\n\n<div class=\"wp-block-uagb-container uagb-block-d6fee249\"><figure class=\"wp-block-image size-full\"><img loading=\"lazy\" decoding=\"async\" width=\"1024\" height=\"894\" src=\"https:\/\/artesaniavelaris.es\/velaris-blog\/wp-content\/uploads\/2025\/09\/61LTMHtThtL._AC_SL1100_.jpg\" alt=\"\" class=\"wp-image-411\" srcset=\"https:\/\/artesaniavelaris.es\/velaris-blog\/wp-content\/uploads\/2025\/09\/61LTMHtThtL._AC_SL1100_.jpg 1024w, https:\/\/artesaniavelaris.es\/velaris-blog\/wp-content\/uploads\/2025\/09\/61LTMHtThtL._AC_SL1100_-300x262.jpg 300w, https:\/\/artesaniavelaris.es\/velaris-blog\/wp-content\/uploads\/2025\/09\/61LTMHtThtL._AC_SL1100_-768x671.jpg 768w, https:\/\/artesaniavelaris.es\/velaris-blog\/wp-content\/uploads\/2025\/09\/61LTMHtThtL._AC_SL1100_-600x524.jpg 600w\" sizes=\"(max-width: 1024px) 100vw, 1024px\" \/><\/figure><\/div><\/div><\/div><p>Talladas en <strong>madera<\/strong>, de <strong>cer\u00e1mica<\/strong>, como abalorio para colgar, es un producto muy demandado por su versatilidad ,hechas a mano de distintos materiales y ofreciendo dise\u00f1os tradicionales u originales que pueden adaptarse a cualquier decoraci\u00f3n, tanto r\u00fastica como moderna dando un toque de distinci\u00f3n y elegancia en el espacio elegido.<\/p><div class=\"wp-block-uagb-container uagb-block-30014925 alignfull uagb-is-root-container\"><div class=\"uagb-container-inner-blocks-wrap\"><div class=\"wp-block-uagb-container uagb-block-2a8abdb4\"><figure class=\"wp-block-image size-full\"><a href=\"https:\/\/artesaniavelaris.es\/tienda\/es\/inicio\/35-201-antifaz-artesanal-dorado.html#\/27-color-rojo\/44-color_encaje-oro\/52-forma-forma_2\"><img loading=\"lazy\" decoding=\"async\" width=\"1024\" height=\"1024\" src=\"https:\/\/artesaniavelaris.es\/velaris-blog\/wp-content\/uploads\/2025\/08\/AE-D-R2-ANTIFAZ.jpg\" alt=\"\" class=\"wp-image-333\" srcset=\"https:\/\/artesaniavelaris.es\/velaris-blog\/wp-content\/uploads\/2025\/08\/AE-D-R2-ANTIFAZ.jpg 1024w, https:\/\/artesaniavelaris.es\/velaris-blog\/wp-content\/uploads\/2025\/08\/AE-D-R2-ANTIFAZ-300x300.jpg 300w, https:\/\/artesaniavelaris.es\/velaris-blog\/wp-content\/uploads\/2025\/08\/AE-D-R2-ANTIFAZ-150x150.jpg 150w, https:\/\/artesaniavelaris.es\/velaris-blog\/wp-content\/uploads\/2025\/08\/AE-D-R2-ANTIFAZ-768x768.jpg 768w, https:\/\/artesaniavelaris.es\/velaris-blog\/wp-content\/uploads\/2025\/08\/AE-D-R2-ANTIFAZ-600x600.jpg 600w, https:\/\/artesaniavelaris.es\/velaris-blog\/wp-content\/uploads\/2025\/08\/AE-D-R2-ANTIFAZ-100x100.jpg 100w\" sizes=\"(max-width: 1024px) 100vw, 1024px\" \/><\/a><\/figure><\/div>\n\n<div class=\"wp-block-uagb-container uagb-block-1bb730d3\"><figure class=\"wp-block-image size-full\"><a href=\"https:\/\/artesaniavelaris.es\/tienda\/es\/inicio\/30-183-antifaz-artesanal-vesperi.html#\/5-color-amarillo\"><img loading=\"lazy\" decoding=\"async\" width=\"1024\" height=\"1024\" src=\"https:\/\/artesaniavelaris.es\/velaris-blog\/wp-content\/uploads\/2025\/08\/AR-9.jpg\" alt=\"\" class=\"wp-image-331\" srcset=\"https:\/\/artesaniavelaris.es\/velaris-blog\/wp-content\/uploads\/2025\/08\/AR-9.jpg 1024w, https:\/\/artesaniavelaris.es\/velaris-blog\/wp-content\/uploads\/2025\/08\/AR-9-300x300.jpg 300w, https:\/\/artesaniavelaris.es\/velaris-blog\/wp-content\/uploads\/2025\/08\/AR-9-150x150.jpg 150w, https:\/\/artesaniavelaris.es\/velaris-blog\/wp-content\/uploads\/2025\/08\/AR-9-768x768.jpg 768w, https:\/\/artesaniavelaris.es\/velaris-blog\/wp-content\/uploads\/2025\/08\/AR-9-600x600.jpg 600w, https:\/\/artesaniavelaris.es\/velaris-blog\/wp-content\/uploads\/2025\/08\/AR-9-100x100.jpg 100w\" sizes=\"(max-width: 1024px) 100vw, 1024px\" \/><\/a><\/figure><\/div>\n\n<div class=\"wp-block-uagb-container uagb-block-c6fa65c2\"><figure class=\"wp-block-image size-full\"><a href=\"https:\/\/artesaniavelaris.es\/tienda\/es\/inicio\/27-antifaz-artesanal-diabla.html\"><img loading=\"lazy\" decoding=\"async\" width=\"1024\" height=\"1024\" src=\"https:\/\/artesaniavelaris.es\/velaris-blog\/wp-content\/uploads\/2025\/08\/Diabla.png\" alt=\"\" class=\"wp-image-332\" srcset=\"https:\/\/artesaniavelaris.es\/velaris-blog\/wp-content\/uploads\/2025\/08\/Diabla.png 1024w, https:\/\/artesaniavelaris.es\/velaris-blog\/wp-content\/uploads\/2025\/08\/Diabla-300x300.png 300w, https:\/\/artesaniavelaris.es\/velaris-blog\/wp-content\/uploads\/2025\/08\/Diabla-150x150.png 150w, https:\/\/artesaniavelaris.es\/velaris-blog\/wp-content\/uploads\/2025\/08\/Diabla-768x768.png 768w, https:\/\/artesaniavelaris.es\/velaris-blog\/wp-content\/uploads\/2025\/08\/Diabla-600x600.png 600w, https:\/\/artesaniavelaris.es\/velaris-blog\/wp-content\/uploads\/2025\/08\/Diabla-100x100.png 100w\" sizes=\"(max-width: 1024px) 100vw, 1024px\" \/><\/a><\/figure><\/div><\/div><\/div><p>En la actualidad tenemos una amplia gama de productos decorativos, donde comienzan a aplicarse t\u00e9cnicas m\u00e1s modernas, con <strong>productos menos t\u00f3xicos y f\u00e1ciles de usar<\/strong> pero sin perder la esencia de el hecho a mano, ideas originales y curiosas siempre recorren las calles de una buena <strong>feria de artesan\u00eda<\/strong>, como el epoxi utilizado para encapsular flores y hojas naturales, de art\u00edculos decorativos a productos de bisuter\u00eda, aunque en este campo las formas y diversos dise\u00f1os acompa\u00f1an siempre al artesano, su creatividad y calidad.<\/p><div class=\"wp-block-uagb-container uagb-block-e88ab03f alignfull uagb-is-root-container\"><div class=\"uagb-container-inner-blocks-wrap\"><div class=\"wp-block-uagb-container uagb-block-6f572c2e\"><figure class=\"wp-block-image size-full\"><img loading=\"lazy\" decoding=\"async\" width=\"250\" height=\"172\" src=\"https:\/\/artesaniavelaris.es\/velaris-blog\/wp-content\/uploads\/2025\/09\/como-hacer-jabon-casero-lavanda-250x172-1.jpg\" alt=\"\" class=\"wp-image-414\"\/><\/figure><\/div>\n\n<div class=\"wp-block-uagb-container uagb-block-0edbdb78\"><figure class=\"wp-block-image size-large is-resized\"><img loading=\"lazy\" decoding=\"async\" width=\"1024\" height=\"1024\" src=\"https:\/\/artesaniavelaris.es\/velaris-blog\/wp-content\/uploads\/2025\/09\/31-1024x1024.jpg\" alt=\"\" class=\"wp-image-415\" style=\"width:213px;height:auto\" srcset=\"https:\/\/artesaniavelaris.es\/velaris-blog\/wp-content\/uploads\/2025\/09\/31-1024x1024.jpg 1024w, https:\/\/artesaniavelaris.es\/velaris-blog\/wp-content\/uploads\/2025\/09\/31-300x300.jpg 300w, https:\/\/artesaniavelaris.es\/velaris-blog\/wp-content\/uploads\/2025\/09\/31-150x150.jpg 150w, https:\/\/artesaniavelaris.es\/velaris-blog\/wp-content\/uploads\/2025\/09\/31-768x768.jpg 768w, https:\/\/artesaniavelaris.es\/velaris-blog\/wp-content\/uploads\/2025\/09\/31-600x600.jpg 600w, https:\/\/artesaniavelaris.es\/velaris-blog\/wp-content\/uploads\/2025\/09\/31-100x100.jpg 100w, https:\/\/artesaniavelaris.es\/velaris-blog\/wp-content\/uploads\/2025\/09\/31.jpg 1080w\" sizes=\"(max-width: 1024px) 100vw, 1024px\" \/><\/figure><\/div>\n\n<div class=\"wp-block-uagb-container uagb-block-d19d1653\"><figure class=\"wp-block-image size-full\"><img loading=\"lazy\" decoding=\"async\" width=\"1024\" height=\"576\" src=\"https:\/\/artesaniavelaris.es\/velaris-blog\/wp-content\/uploads\/2025\/09\/844676396_244395583_1024x576.webp\" alt=\"\" class=\"wp-image-416\" srcset=\"https:\/\/artesaniavelaris.es\/velaris-blog\/wp-content\/uploads\/2025\/09\/844676396_244395583_1024x576.webp 1024w, https:\/\/artesaniavelaris.es\/velaris-blog\/wp-content\/uploads\/2025\/09\/844676396_244395583_1024x576-300x169.webp 300w, https:\/\/artesaniavelaris.es\/velaris-blog\/wp-content\/uploads\/2025\/09\/844676396_244395583_1024x576-768x432.webp 768w, https:\/\/artesaniavelaris.es\/velaris-blog\/wp-content\/uploads\/2025\/09\/844676396_244395583_1024x576-600x338.webp 600w\" sizes=\"(max-width: 1024px) 100vw, 1024px\" \/><\/figure><\/div><\/div><\/div><p>Muchos visitantes van en busca de <strong>productos naturales<\/strong> que puedan utilizar para su cuidado personal, como jabones, aceites hidratantes o cremas con <strong>ingredientes naturales sin complementos qu\u00edmicos<\/strong> que puedan tener efectos secundarios no deseados.<\/p><p>No solo est\u00e9ticamente y el cuidado de la piel, tambi\u00e9n ofrecen variedad de productos donde las hierbas naturales tienen un rinc\u00f3n muy especial, ya que pueden ayudar a muchos problemas sin necesidad de medicaci\u00f3n y de una forma natural. Y por supuesto productos de la localidad visitada para destacar la calidad y especialidad, darle a conocer y promocionar su venta, como puede ser la miel, pimiento, vino,  etc.<\/p><ul class=\"wp-block-list\"><li><strong>Complementos y moda:<\/strong> Los tejidos a mano, bien sea <strong>crochet, ganchillo, bordado, tricot o macram\u00e9<\/strong> son muy valorados porque cada pieza es \u00fanica, permiten dise\u00f1os originales, adem\u00e1s de ser sostenibles por utilizar fibras naturales.<\/li><\/ul><div class=\"wp-block-uagb-container uagb-block-7bcdf926 alignfull uagb-is-root-container\"><div class=\"uagb-container-inner-blocks-wrap\"><div class=\"wp-block-uagb-container uagb-block-f4440cdd\"><figure class=\"wp-block-image size-large is-resized\"><img loading=\"lazy\" decoding=\"async\" width=\"630\" height=\"1024\" src=\"https:\/\/artesaniavelaris.es\/velaris-blog\/wp-content\/uploads\/2025\/09\/9a04533b7008e0718d6a7ce293a7c482-630x1024.jpg\" alt=\"\" class=\"wp-image-417\" style=\"width:199px;height:auto\" srcset=\"https:\/\/artesaniavelaris.es\/velaris-blog\/wp-content\/uploads\/2025\/09\/9a04533b7008e0718d6a7ce293a7c482-630x1024.jpg 630w, https:\/\/artesaniavelaris.es\/velaris-blog\/wp-content\/uploads\/2025\/09\/9a04533b7008e0718d6a7ce293a7c482-185x300.jpg 185w, https:\/\/artesaniavelaris.es\/velaris-blog\/wp-content\/uploads\/2025\/09\/9a04533b7008e0718d6a7ce293a7c482-600x975.jpg 600w, https:\/\/artesaniavelaris.es\/velaris-blog\/wp-content\/uploads\/2025\/09\/9a04533b7008e0718d6a7ce293a7c482.jpg 736w\" sizes=\"(max-width: 630px) 100vw, 630px\" \/><\/figure><\/div>\n\n<div class=\"wp-block-uagb-container uagb-block-15bffc76\"><figure class=\"wp-block-image size-full\"><img loading=\"lazy\" decoding=\"async\" width=\"736\" height=\"920\" src=\"https:\/\/artesaniavelaris.es\/velaris-blog\/wp-content\/uploads\/2025\/09\/5eb32947d6c342478de461bfb0ccfc59.jpg\" alt=\"\" class=\"wp-image-418\" srcset=\"https:\/\/artesaniavelaris.es\/velaris-blog\/wp-content\/uploads\/2025\/09\/5eb32947d6c342478de461bfb0ccfc59.jpg 736w, https:\/\/artesaniavelaris.es\/velaris-blog\/wp-content\/uploads\/2025\/09\/5eb32947d6c342478de461bfb0ccfc59-240x300.jpg 240w, https:\/\/artesaniavelaris.es\/velaris-blog\/wp-content\/uploads\/2025\/09\/5eb32947d6c342478de461bfb0ccfc59-600x750.jpg 600w\" sizes=\"(max-width: 736px) 100vw, 736px\" \/><\/figure><\/div>\n\n<div class=\"wp-block-uagb-container uagb-block-7f7a48fa\"><figure class=\"wp-block-image size-large\"><img loading=\"lazy\" decoding=\"async\" width=\"1024\" height=\"683\" src=\"https:\/\/artesaniavelaris.es\/velaris-blog\/wp-content\/uploads\/2025\/09\/comprar_macrame_2-1024x683.webp\" alt=\"\" class=\"wp-image-419\" srcset=\"https:\/\/artesaniavelaris.es\/velaris-blog\/wp-content\/uploads\/2025\/09\/comprar_macrame_2-1024x683.webp 1024w, https:\/\/artesaniavelaris.es\/velaris-blog\/wp-content\/uploads\/2025\/09\/comprar_macrame_2-300x200.webp 300w, https:\/\/artesaniavelaris.es\/velaris-blog\/wp-content\/uploads\/2025\/09\/comprar_macrame_2-768x512.webp 768w, https:\/\/artesaniavelaris.es\/velaris-blog\/wp-content\/uploads\/2025\/09\/comprar_macrame_2-1536x1024.webp 1536w, https:\/\/artesaniavelaris.es\/velaris-blog\/wp-content\/uploads\/2025\/09\/comprar_macrame_2-2048x1365.webp 2048w, https:\/\/artesaniavelaris.es\/velaris-blog\/wp-content\/uploads\/2025\/09\/comprar_macrame_2-600x400.webp 600w\" sizes=\"(max-width: 1024px) 100vw, 1024px\" \/><\/figure><\/div><\/div><\/div><p>Cuando hablamos de estas piezas nos referimos a la t\u00e9cnica, dedicaci\u00f3n y no se utiliza maquinaria industrial es el trabajo personal de un artesano que se distingue por su autenticidad, valor cultural, calidad\u00a0 e historia. En tejidos a mano tenemos variedad de complementos y vestimenta de invierno como bufandas, gorros, jersey y monederos, bolsos, etc.<\/p><div class=\"wp-block-uagb-advanced-heading uagb-block-1543be0d\"><h2 class=\"uagb-heading-text\">Tem\u00e1tica<\/h2><\/div><p>Nunca hay que olvidar que cada pueblo o ciudad har\u00e1 un estudio de la tem\u00e1tica para adaptarse a su historia patrimonial y dar a conocer eventos culturales donde puedan destacar tanto su entorno, como <strong>esculturas, monumentos,<\/strong> y promocionar los productos t\u00edpicos de la zona que le identifican como \u00fanico y excepcional. Al ofrecer algo distinto, hace que los turistas queden satisfechos compren los productos y repitan visita.<\/p><div class=\"wp-block-uagb-container uagb-block-4354cf10 alignfull uagb-is-root-container\"><div class=\"uagb-container-inner-blocks-wrap\"><div class=\"wp-block-uagb-container uagb-block-5cc58a67\"><figure class=\"wp-block-image size-full\"><img loading=\"lazy\" decoding=\"async\" width=\"800\" height=\"600\" src=\"https:\/\/artesaniavelaris.es\/velaris-blog\/wp-content\/uploads\/2025\/09\/navalcarnero-las-bodas-de-felipe-iv.jpg\" alt=\"\" class=\"wp-image-422\" srcset=\"https:\/\/artesaniavelaris.es\/velaris-blog\/wp-content\/uploads\/2025\/09\/navalcarnero-las-bodas-de-felipe-iv.jpg 800w, https:\/\/artesaniavelaris.es\/velaris-blog\/wp-content\/uploads\/2025\/09\/navalcarnero-las-bodas-de-felipe-iv-300x225.jpg 300w, https:\/\/artesaniavelaris.es\/velaris-blog\/wp-content\/uploads\/2025\/09\/navalcarnero-las-bodas-de-felipe-iv-768x576.jpg 768w, https:\/\/artesaniavelaris.es\/velaris-blog\/wp-content\/uploads\/2025\/09\/navalcarnero-las-bodas-de-felipe-iv-600x450.jpg 600w\" sizes=\"(max-width: 800px) 100vw, 800px\" \/><\/figure><\/div>\n\n<div class=\"wp-block-uagb-container uagb-block-ee2cc815\"><figure class=\"wp-block-image size-full\"><img loading=\"lazy\" decoding=\"async\" width=\"545\" height=\"350\" src=\"https:\/\/artesaniavelaris.es\/velaris-blog\/wp-content\/uploads\/2025\/09\/mercado_medieval_4.webp\" alt=\"\" class=\"wp-image-423\" srcset=\"https:\/\/artesaniavelaris.es\/velaris-blog\/wp-content\/uploads\/2025\/09\/mercado_medieval_4.webp 545w, https:\/\/artesaniavelaris.es\/velaris-blog\/wp-content\/uploads\/2025\/09\/mercado_medieval_4-300x193.webp 300w\" sizes=\"(max-width: 545px) 100vw, 545px\" \/><\/figure><\/div><\/div><\/div><p>La inspiraci\u00f3n en \u00e9pocas, hace destacar a la localidad de un evento espec\u00edfico sucedido all\u00ed,&nbsp; donde comercialmente beneficia a los residentes, hace revivir tradiciones para recordarlas a trav\u00e9s de generaciones.<\/p><p>Trajes hist\u00f3ricos, puestos decorados, espect\u00e1culos acorde pueden ser juglares, trovadores, pasacalles, cetrer\u00eda, etc.<\/p><div class=\"wp-block-uagb-advanced-heading uagb-block-86a85a39\"><h2 class=\"uagb-heading-text\">Actividades l\u00fadicas<\/h2><\/div><ul class=\"wp-block-list\"><li><strong>Talleres<\/strong>, donde se dan a conocer\u00a0 juguetes,t\u00e9cnicas, exhibiciones recordando la forma de vida antigua.<\/li><\/ul><figure class=\"wp-block-image size-large\"><img loading=\"lazy\" decoding=\"async\" width=\"1024\" height=\"685\" src=\"https:\/\/artesaniavelaris.es\/velaris-blog\/wp-content\/uploads\/2025\/09\/7487866-1024x685.webp\" alt=\"\" class=\"wp-image-424\" srcset=\"https:\/\/artesaniavelaris.es\/velaris-blog\/wp-content\/uploads\/2025\/09\/7487866-1024x685.webp 1024w, https:\/\/artesaniavelaris.es\/velaris-blog\/wp-content\/uploads\/2025\/09\/7487866-300x201.webp 300w, https:\/\/artesaniavelaris.es\/velaris-blog\/wp-content\/uploads\/2025\/09\/7487866-768x514.webp 768w, https:\/\/artesaniavelaris.es\/velaris-blog\/wp-content\/uploads\/2025\/09\/7487866-600x401.webp 600w, https:\/\/artesaniavelaris.es\/velaris-blog\/wp-content\/uploads\/2025\/09\/7487866.webp 1199w\" sizes=\"(max-width: 1024px) 100vw, 1024px\" \/><\/figure><ul class=\"wp-block-list\"><li><strong>Pasacalles<\/strong> orientados en tema principal van explicando historia de una forma amena ya que las representaciones suelen ser teatrales, act\u00faan y se meten en el papel asignado.<\/li><\/ul><figure class=\"wp-block-image size-large\"><img loading=\"lazy\" decoding=\"async\" width=\"1024\" height=\"681\" src=\"https:\/\/artesaniavelaris.es\/velaris-blog\/wp-content\/uploads\/2025\/09\/petrer202310-001-1024x681.jpg\" alt=\"\" class=\"wp-image-425\" srcset=\"https:\/\/artesaniavelaris.es\/velaris-blog\/wp-content\/uploads\/2025\/09\/petrer202310-001-1024x681.jpg 1024w, https:\/\/artesaniavelaris.es\/velaris-blog\/wp-content\/uploads\/2025\/09\/petrer202310-001-300x200.jpg 300w, https:\/\/artesaniavelaris.es\/velaris-blog\/wp-content\/uploads\/2025\/09\/petrer202310-001-768x511.jpg 768w, https:\/\/artesaniavelaris.es\/velaris-blog\/wp-content\/uploads\/2025\/09\/petrer202310-001-600x399.jpg 600w, https:\/\/artesaniavelaris.es\/velaris-blog\/wp-content\/uploads\/2025\/09\/petrer202310-001.jpg 1300w\" sizes=\"(max-width: 1024px) 100vw, 1024px\" \/><\/figure><p>Acompa\u00f1a el entorno festivo de actividades donde las familias pueden disfrutar de tiovivos antiguos, paseos a caballo, o saltear reba\u00f1os de ovejas para pasear, integrarse en la \u00e9poca y disfrutar de sus costumbres.<\/p><p><\/p>","protected":false},"excerpt":{"rendered":"<p>Las ferias de artesan\u00eda se han hecho muy populares porque suponen un espacio cultural y comercial donde los artesanos pueden mostrar y vender sus productos, dar a conocer su obra y sus t\u00e9cnicas originales y tradicionales. Es una combinaci\u00f3n donde los visitantes, adem\u00e1s de encontrar productos \u00fanicos y exclusivos pueden disfrutar de actividades l\u00fadicas dentro [&hellip;]<\/p>\n","protected":false},"author":1,"featured_media":424,"comment_status":"open","ping_status":"open","sticky":false,"template":"","format":"standard","meta":{"_uag_custom_page_level_css":"","_jetpack_memberships_contains_paid_content":false,"footnotes":""},"categories":[21],"tags":[],"class_list":["post-404","post","type-post","status-publish","format-standard","has-post-thumbnail","hentry","category-artesania"],"jetpack_featured_media_url":"https:\/\/artesaniavelaris.es\/velaris-blog\/wp-content\/uploads\/2025\/09\/7487866.webp","uagb_featured_image_src":{"full":["https:\/\/artesaniavelaris.es\/velaris-blog\/wp-content\/uploads\/2025\/09\/7487866.webp",1199,802,false],"thumbnail":["https:\/\/artesaniavelaris.es\/velaris-blog\/wp-content\/uploads\/2025\/09\/7487866-150x150.webp",150,150,true],"medium":["https:\/\/artesaniavelaris.es\/velaris-blog\/wp-content\/uploads\/2025\/09\/7487866-300x201.webp",300,201,true],"medium_large":["https:\/\/artesaniavelaris.es\/velaris-blog\/wp-content\/uploads\/2025\/09\/7487866-768x514.webp",640,428,true],"large":["https:\/\/artesaniavelaris.es\/velaris-blog\/wp-content\/uploads\/2025\/09\/7487866-1024x685.webp",640,428,true],"1536x1536":["https:\/\/artesaniavelaris.es\/velaris-blog\/wp-content\/uploads\/2025\/09\/7487866.webp",1199,802,false],"2048x2048":["https:\/\/artesaniavelaris.es\/velaris-blog\/wp-content\/uploads\/2025\/09\/7487866.webp",1199,802,false],"blogarise-slider-full":["https:\/\/artesaniavelaris.es\/velaris-blog\/wp-content\/uploads\/2025\/09\/7487866-1199x720.webp",1199,720,true],"blogarise-featured":["https:\/\/artesaniavelaris.es\/velaris-blog\/wp-content\/uploads\/2025\/09\/7487866-1024x685.webp",1024,685,true],"blogarise-medium":["https:\/\/artesaniavelaris.es\/velaris-blog\/wp-content\/uploads\/2025\/09\/7487866-720x380.webp",720,380,true],"woocommerce_thumbnail":["https:\/\/artesaniavelaris.es\/velaris-blog\/wp-content\/uploads\/2025\/09\/7487866-300x300.webp",300,300,true],"woocommerce_single":["https:\/\/artesaniavelaris.es\/velaris-blog\/wp-content\/uploads\/2025\/09\/7487866-600x401.webp",600,401,true],"woocommerce_gallery_thumbnail":["https:\/\/artesaniavelaris.es\/velaris-blog\/wp-content\/uploads\/2025\/09\/7487866-100x100.webp",100,100,true]},"uagb_author_info":{"display_name":"Velaris","author_link":"https:\/\/artesaniavelaris.es\/velaris-blog\/author\/fromanr\/"},"uagb_comment_info":0,"uagb_excerpt":"Las ferias de artesan\u00eda se han hecho muy populares porque suponen un espacio cultural y comercial donde los artesanos pueden mostrar y vender sus productos, dar a conocer su obra y sus t\u00e9cnicas originales y tradicionales. Es una combinaci\u00f3n donde los visitantes, adem\u00e1s de encontrar productos \u00fanicos y exclusivos pueden disfrutar de actividades l\u00fadicas dentro&hellip;","jetpack_sharing_enabled":true,"_links":{"self":[{"href":"https:\/\/artesaniavelaris.es\/velaris-blog\/wp-json\/wp\/v2\/posts\/404","targetHints":{"allow":["GET"]}}],"collection":[{"href":"https:\/\/artesaniavelaris.es\/velaris-blog\/wp-json\/wp\/v2\/posts"}],"about":[{"href":"https:\/\/artesaniavelaris.es\/velaris-blog\/wp-json\/wp\/v2\/types\/post"}],"author":[{"embeddable":true,"href":"https:\/\/artesaniavelaris.es\/velaris-blog\/wp-json\/wp\/v2\/users\/1"}],"replies":[{"embeddable":true,"href":"https:\/\/artesaniavelaris.es\/velaris-blog\/wp-json\/wp\/v2\/comments?post=404"}],"version-history":[{"count":6,"href":"https:\/\/artesaniavelaris.es\/velaris-blog\/wp-json\/wp\/v2\/posts\/404\/revisions"}],"predecessor-version":[{"id":426,"href":"https:\/\/artesaniavelaris.es\/velaris-blog\/wp-json\/wp\/v2\/posts\/404\/revisions\/426"}],"wp:featuredmedia":[{"embeddable":true,"href":"https:\/\/artesaniavelaris.es\/velaris-blog\/wp-json\/wp\/v2\/media\/424"}],"wp:attachment":[{"href":"https:\/\/artesaniavelaris.es\/velaris-blog\/wp-json\/wp\/v2\/media?parent=404"}],"wp:term":[{"taxonomy":"category","embeddable":true,"href":"https:\/\/artesaniavelaris.es\/velaris-blog\/wp-json\/wp\/v2\/categories?post=404"},{"taxonomy":"post_tag","embeddable":true,"href":"https:\/\/artesaniavelaris.es\/velaris-blog\/wp-json\/wp\/v2\/tags?post=404"}],"curies":[{"name":"wp","href":"https:\/\/api.w.org\/{rel}","templated":true}]}}