{"id":430,"date":"2025-09-30T00:00:00","date_gmt":"2025-09-30T00:00:00","guid":{"rendered":"https:\/\/artesaniavelaris.es\/velaris-blog\/?p=430"},"modified":"2025-10-02T10:26:27","modified_gmt":"2025-10-02T10:26:27","slug":"mascaras-y-artesanos-principales-de-eyes-wide-shut","status":"publish","type":"post","link":"https:\/\/artesaniavelaris.es\/velaris-blog\/2025\/09\/30\/mascaras-y-artesanos-principales-de-eyes-wide-shut\/","title":{"rendered":"M\u00e1scaras y artesanos principales de \u201cEYES WIDE SHUT\u201d"},"content":{"rendered":"<h2 class=\"wp-block-heading\">Piuma Volto<\/h2><p>La M\u00e1scara <strong>\u201cPiuma Volto\u201d<\/strong> tiene su origen en la tradici\u00f3n veneciana del carnaval ,una de las celebraciones m\u00e1s antiguas y famosas del mundo, y esta m\u00e1scara es una de las m\u00e1s cl\u00e1sicas&nbsp; de Venecia.<\/p><div class=\"wp-block-uagb-container uagb-block-b8cfe932 alignfull uagb-is-root-container\"><div class=\"uagb-container-inner-blocks-wrap\"><div class=\"wp-block-uagb-container uagb-block-18d5161c\"><figure class=\"wp-block-image size-full\"><img fetchpriority=\"high\" decoding=\"async\" width=\"640\" height=\"343\" src=\"https:\/\/artesaniavelaris.es\/velaris-blog\/wp-content\/uploads\/2025\/09\/doja-cat-celebrates-birthday-with-an-eyes-wide-shut-party-v0-bu5iz8o8szv91.webp\" alt=\"\" class=\"wp-image-432\" srcset=\"https:\/\/artesaniavelaris.es\/velaris-blog\/wp-content\/uploads\/2025\/09\/doja-cat-celebrates-birthday-with-an-eyes-wide-shut-party-v0-bu5iz8o8szv91.webp 640w, https:\/\/artesaniavelaris.es\/velaris-blog\/wp-content\/uploads\/2025\/09\/doja-cat-celebrates-birthday-with-an-eyes-wide-shut-party-v0-bu5iz8o8szv91-300x161.webp 300w, https:\/\/artesaniavelaris.es\/velaris-blog\/wp-content\/uploads\/2025\/09\/doja-cat-celebrates-birthday-with-an-eyes-wide-shut-party-v0-bu5iz8o8szv91-600x322.webp 600w\" sizes=\"(max-width: 640px) 100vw, 640px\" \/><\/figure><\/div>\n\n<div class=\"wp-block-uagb-container uagb-block-f909c4c8\"><figure class=\"wp-block-image size-large is-resized\"><img decoding=\"async\" width=\"1024\" height=\"681\" src=\"https:\/\/artesaniavelaris.es\/velaris-blog\/wp-content\/uploads\/2025\/09\/what-are-the-eyes-wide-shut-masks-venezia-maschere-by-la-gioia.jpg-1024x681.jpg\" alt=\"\" class=\"wp-image-433\" style=\"width:337px;height:auto\" srcset=\"https:\/\/artesaniavelaris.es\/velaris-blog\/wp-content\/uploads\/2025\/09\/what-are-the-eyes-wide-shut-masks-venezia-maschere-by-la-gioia.jpg-1024x681.jpg 1024w, https:\/\/artesaniavelaris.es\/velaris-blog\/wp-content\/uploads\/2025\/09\/what-are-the-eyes-wide-shut-masks-venezia-maschere-by-la-gioia.jpg-300x200.jpg 300w, https:\/\/artesaniavelaris.es\/velaris-blog\/wp-content\/uploads\/2025\/09\/what-are-the-eyes-wide-shut-masks-venezia-maschere-by-la-gioia.jpg-768x511.jpg 768w, https:\/\/artesaniavelaris.es\/velaris-blog\/wp-content\/uploads\/2025\/09\/what-are-the-eyes-wide-shut-masks-venezia-maschere-by-la-gioia.jpg-1536x1021.jpg 1536w, https:\/\/artesaniavelaris.es\/velaris-blog\/wp-content\/uploads\/2025\/09\/what-are-the-eyes-wide-shut-masks-venezia-maschere-by-la-gioia.jpg-600x399.jpg 600w, https:\/\/artesaniavelaris.es\/velaris-blog\/wp-content\/uploads\/2025\/09\/what-are-the-eyes-wide-shut-masks-venezia-maschere-by-la-gioia.jpg.jpg 1600w\" sizes=\"(max-width: 1024px) 100vw, 1024px\" \/><\/figure><\/div><\/div><\/div><p>El <strong>Volto<\/strong> o tambi\u00e9n llamado <strong>Larva<\/strong> significa fantasma o esp\u00edritu, es usada por todas las clases&nbsp; porque permite integrarse en&nbsp; diferentes estratos sociales manteniendo el anonimato.<\/p><p>La variante de <strong>Piuma<\/strong> se adquiri\u00f3 con el tiempo incluyendo un ornamento de plumas d\u00e1ndole una evoluci\u00f3n decorativa y manteniendo su base blanca, aunque estas versiones no resultan tan c\u00f3modas y comenzaron a utilizarse en eventos espec\u00edficos m\u00e1s teatrales donde se busca un efecto visual impresionante, pero su composici\u00f3n hace de esta m\u00e1scara una de las m\u00e1s elegantes con un toque de lujo y misterio reflejando el esp\u00edritu extravagante del carnaval.<\/p><p>Es una de las M\u00e1scaras mas populares y los artesanos , tanto tradicionales como innovadores lo saben, por eso es una pieza que no puede faltar en su gama creativa y ofrecer a los clientes una pieza que a pesar de sus actualizaciones nunca pierde el encanto de lo tradicional.<\/p><figure class=\"wp-block-image size-full\"><img decoding=\"async\" width=\"800\" height=\"800\" src=\"https:\/\/artesaniavelaris.es\/velaris-blog\/wp-content\/uploads\/2025\/09\/mascara-artesanal-piuma-volto.jpg\" alt=\"\" class=\"wp-image-434\" srcset=\"https:\/\/artesaniavelaris.es\/velaris-blog\/wp-content\/uploads\/2025\/09\/mascara-artesanal-piuma-volto.jpg 800w, https:\/\/artesaniavelaris.es\/velaris-blog\/wp-content\/uploads\/2025\/09\/mascara-artesanal-piuma-volto-300x300.jpg 300w, https:\/\/artesaniavelaris.es\/velaris-blog\/wp-content\/uploads\/2025\/09\/mascara-artesanal-piuma-volto-150x150.jpg 150w, https:\/\/artesaniavelaris.es\/velaris-blog\/wp-content\/uploads\/2025\/09\/mascara-artesanal-piuma-volto-768x768.jpg 768w, https:\/\/artesaniavelaris.es\/velaris-blog\/wp-content\/uploads\/2025\/09\/mascara-artesanal-piuma-volto-600x600.jpg 600w, https:\/\/artesaniavelaris.es\/velaris-blog\/wp-content\/uploads\/2025\/09\/mascara-artesanal-piuma-volto-100x100.jpg 100w\" sizes=\"(max-width: 800px) 100vw, 800px\" \/><\/figure><h2 class=\"wp-block-heading\">Artesana y trayectoria:Francesca Cecamore<\/h2><div class=\"wp-block-uagb-container uagb-block-550843e1 alignfull uagb-is-root-container\"><div class=\"uagb-container-inner-blocks-wrap\"><div class=\"wp-block-uagb-container uagb-block-16dfacb3\"><figure class=\"wp-block-image size-full is-resized\"><img loading=\"lazy\" decoding=\"async\" width=\"375\" height=\"210\" src=\"https:\/\/artesaniavelaris.es\/velaris-blog\/wp-content\/uploads\/2025\/09\/MjAyMzA5MTE2MDNlMTI2NzgwYmU3NmM0YzkzZGMxMjI0M2NiZDE.jpg\" alt=\"\" class=\"wp-image-435\" style=\"width:358px;height:auto\" srcset=\"https:\/\/artesaniavelaris.es\/velaris-blog\/wp-content\/uploads\/2025\/09\/MjAyMzA5MTE2MDNlMTI2NzgwYmU3NmM0YzkzZGMxMjI0M2NiZDE.jpg 375w, https:\/\/artesaniavelaris.es\/velaris-blog\/wp-content\/uploads\/2025\/09\/MjAyMzA5MTE2MDNlMTI2NzgwYmU3NmM0YzkzZGMxMjI0M2NiZDE-300x168.jpg 300w\" sizes=\"(max-width: 375px) 100vw, 375px\" \/><\/figure><\/div>\n\n<div class=\"wp-block-uagb-container uagb-block-65645d52\"><figure class=\"wp-block-image size-large\"><img loading=\"lazy\" decoding=\"async\" width=\"1024\" height=\"475\" src=\"https:\/\/artesaniavelaris.es\/velaris-blog\/wp-content\/uploads\/2025\/09\/Bauta-artigianale-1024x475.jpg\" alt=\"\" class=\"wp-image-436\" srcset=\"https:\/\/artesaniavelaris.es\/velaris-blog\/wp-content\/uploads\/2025\/09\/Bauta-artigianale-1024x475.jpg 1024w, https:\/\/artesaniavelaris.es\/velaris-blog\/wp-content\/uploads\/2025\/09\/Bauta-artigianale-300x139.jpg 300w, https:\/\/artesaniavelaris.es\/velaris-blog\/wp-content\/uploads\/2025\/09\/Bauta-artigianale-768x357.jpg 768w, https:\/\/artesaniavelaris.es\/velaris-blog\/wp-content\/uploads\/2025\/09\/Bauta-artigianale-600x279.jpg 600w, https:\/\/artesaniavelaris.es\/velaris-blog\/wp-content\/uploads\/2025\/09\/Bauta-artigianale.jpg 1400w\" sizes=\"(max-width: 1024px) 100vw, 1024px\" \/><\/figure><\/div><\/div><\/div><p>Aunque una parte de la selecci\u00f3n de m\u00e1scaras de la pel\u00edcula<strong> <em><a href=\"https:\/\/es.wikipedia.org\/wiki\/Eyes_Wide_Shut\" data-type=\"link\" data-id=\"https:\/\/es.wikipedia.org\/wiki\/Eyes_Wide_Shut\">Eyes Wide Shut<\/a><\/em><\/strong><em> <\/em>fueron encargadas al taller de <strong>los hermanos Boldrin<\/strong>, la Volto del protagonista fue adquirida en la tienda Joka Marks, en Londres por Marit Allen, dise\u00f1adora de vestuario.<\/p><p>La m\u00e1scara que luce <strong>Tom Cruise<\/strong> y de la actriz <strong>Rita Tushingham<\/strong> que interpreta a Candy en el film son de las m\u00e1s famosas y emblem\u00e1ticas.<\/p><p><strong>Stanley Kubrick<\/strong> pidi\u00f3 una modificaci\u00f3n para que al actor se le ajustara correctamente, la tienda era s\u00f3lo distribuidora, que trabajaba con varios modelos de <strong>Kartaruga<\/strong>, uno de los talleres artesanales de m\u00e1scaras m\u00e1s famosos de Venecia, <strong>fue fundada en 1985 por Franco Cecamore<\/strong>, artesano especializado, aunque en la actualidad la responsable es su hija <strong>Francesca Cecamore<\/strong> que combina las creaci\u00f3n tradicionales con dise\u00f1os m\u00e1s innovadores en gran variedad de estilos como el <strong>steampunk<\/strong>, contempor\u00e1neos,&nbsp; m\u00e1s elaborados y utilizando papel mach\u00e9 como t\u00e9cnica principal. Tambi\u00e9n organiza talleres donde crear y decorar tus propios dise\u00f1os mostrando el trabajo artesanal y conectando con el p\u00fablico y la tradici\u00f3n, para ella es importante el relevo generacional manifestando el aprendizaje del arte mascarero para mantener el oficio y m\u00e1s que un producto comercial implica creatividad, investigaci\u00f3n y experimentaci\u00f3n.<\/p><div class=\"wp-block-uagb-container uagb-block-a6319091 alignfull uagb-is-root-container\"><div class=\"uagb-container-inner-blocks-wrap\"><div class=\"wp-block-uagb-container uagb-block-09e6d9f9\"><figure class=\"wp-block-image size-large\"><img loading=\"lazy\" decoding=\"async\" width=\"1024\" height=\"576\" src=\"https:\/\/artesaniavelaris.es\/velaris-blog\/wp-content\/uploads\/2025\/09\/Eyes-Wide-Shut-2-1024x576.jpg\" alt=\"\" class=\"wp-image-437\" srcset=\"https:\/\/artesaniavelaris.es\/velaris-blog\/wp-content\/uploads\/2025\/09\/Eyes-Wide-Shut-2-1024x576.jpg 1024w, https:\/\/artesaniavelaris.es\/velaris-blog\/wp-content\/uploads\/2025\/09\/Eyes-Wide-Shut-2-300x169.jpg 300w, https:\/\/artesaniavelaris.es\/velaris-blog\/wp-content\/uploads\/2025\/09\/Eyes-Wide-Shut-2-768x432.jpg 768w, https:\/\/artesaniavelaris.es\/velaris-blog\/wp-content\/uploads\/2025\/09\/Eyes-Wide-Shut-2-600x338.jpg 600w, https:\/\/artesaniavelaris.es\/velaris-blog\/wp-content\/uploads\/2025\/09\/Eyes-Wide-Shut-2.jpg 1200w\" sizes=\"(max-width: 1024px) 100vw, 1024px\" \/><\/figure><\/div>\n\n<div class=\"wp-block-uagb-container uagb-block-e1f6bb71\"><figure class=\"wp-block-image size-full is-resized\"><img loading=\"lazy\" decoding=\"async\" width=\"750\" height=\"1000\" src=\"https:\/\/artesaniavelaris.es\/velaris-blog\/wp-content\/uploads\/2025\/09\/817CZ2WAjmL._UY1000_.jpg\" alt=\"\" class=\"wp-image-438\" style=\"width:229px;height:auto\" srcset=\"https:\/\/artesaniavelaris.es\/velaris-blog\/wp-content\/uploads\/2025\/09\/817CZ2WAjmL._UY1000_.jpg 750w, https:\/\/artesaniavelaris.es\/velaris-blog\/wp-content\/uploads\/2025\/09\/817CZ2WAjmL._UY1000_-225x300.jpg 225w, https:\/\/artesaniavelaris.es\/velaris-blog\/wp-content\/uploads\/2025\/09\/817CZ2WAjmL._UY1000_-600x800.jpg 600w\" sizes=\"(max-width: 750px) 100vw, 750px\" \/><\/figure><\/div><\/div><\/div><p>Esta m\u00e1scara se identifica como Volto porque cubre completamente el rostro y su base es blanco, la originalidad del modelo es el acabado met\u00e1lico dorado con relieves barrocos haci\u00e9ndola m\u00e1s solemne y enigm\u00e1tica, esto hace reforzar el contexto de ritual secreto y reforzar el anonimato.&nbsp;<\/p><p>Sus rasgos faciales son lisos, suaves y casi inexpresivos con orificios oculares amplios y boca cerrada.<\/p><p>Dentro de las gamas de Francesca es una de las m\u00e1s elegantes, sus brocados y la exquisitez de su decoraci\u00f3n, el uso de colores metalizados hacen que cada pieza adem\u00e1s de \u00fanica sea espectacular.<\/p><h2 class=\"wp-block-heading\">Artesano y trayectoria: Sergio Boldrin<\/h2><p><a href=\"http:\/\/sergioboldrin.com\/eng\/biografia.html\" data-type=\"link\" data-id=\"http:\/\/sergioboldrin.com\/eng\/biografia.html\"><strong>Sergio Boldrin<\/strong><\/a> naci\u00f3 en Venecia en 1957, junto con su hermano Massimo abrieron su taller <strong>\u201cLa Bottega dei Mascareri<\/strong>\u201d, su \u00e9xito sin duda es respetar la tradici\u00f3n de hecho a mano sin m\u00e9todos industriales para realizar la fabricaci\u00f3n de una autentica mascara o antifaz, usando 100% sus manos y dado honor a la mascarada veneciana.<\/p><figure class=\"wp-block-image size-large\"><img loading=\"lazy\" decoding=\"async\" width=\"1024\" height=\"683\" src=\"https:\/\/artesaniavelaris.es\/velaris-blog\/wp-content\/uploads\/2025\/09\/1645647082_sergio-boldrin-artisan-all-rights-reserved-jpg-1024x683.jpeg\" alt=\"\" class=\"wp-image-439\" srcset=\"https:\/\/artesaniavelaris.es\/velaris-blog\/wp-content\/uploads\/2025\/09\/1645647082_sergio-boldrin-artisan-all-rights-reserved-jpg-1024x683.jpeg 1024w, https:\/\/artesaniavelaris.es\/velaris-blog\/wp-content\/uploads\/2025\/09\/1645647082_sergio-boldrin-artisan-all-rights-reserved-jpg-300x200.jpeg 300w, https:\/\/artesaniavelaris.es\/velaris-blog\/wp-content\/uploads\/2025\/09\/1645647082_sergio-boldrin-artisan-all-rights-reserved-jpg-768x512.jpeg 768w, https:\/\/artesaniavelaris.es\/velaris-blog\/wp-content\/uploads\/2025\/09\/1645647082_sergio-boldrin-artisan-all-rights-reserved-jpg-600x400.jpeg 600w, https:\/\/artesaniavelaris.es\/velaris-blog\/wp-content\/uploads\/2025\/09\/1645647082_sergio-boldrin-artisan-all-rights-reserved-jpg.jpeg 1500w\" sizes=\"(max-width: 1024px) 100vw, 1024px\" \/><\/figure><p>En su proceso de fabricaci\u00f3n sigue los mismos pasos tradicionales&nbsp;<\/p><ul class=\"wp-block-list\"><li><strong>Boceto:<\/strong> donde hacer un dise\u00f1o conceptual de la nueva idea.<\/li><\/ul><ul class=\"wp-block-list\"><li><strong>Modelado:<\/strong> inicialmente de arcilla o plastilina.<\/li><\/ul><ul class=\"wp-block-list\"><li><strong>Molde:<\/strong> usando el yeso para obtener una cavidad que reproduzca la forma del modelo.<\/li><\/ul><ul class=\"wp-block-list\"><li>Construcci\u00f3n con papel mach\u00e9: se aplica en molde de yeso.<\/li><\/ul><ul class=\"wp-block-list\"><li>Secado ,recorte y acabado, una vez seco, se recortan los bordes, se alisa y se pinta a mano, dejando la m\u00e1scara preparada para su decoraci\u00f3n, inspirada en obras de arte y utilizando materiales de calidad.&nbsp;<\/li><\/ul><p>Sergio es un artista innovador creando nuevas formas, extravagantes y participa en proyectos contempor\u00e1neos, en su trabajo combina las formas tradicionales dando un toque moderno a la nueva versi\u00f3n<\/p><p>M\u00e1scaras como <strong>Bauta, Moretta, Arlecchino, Colombina, Pantalone<\/strong>. Basadas en distintos temas como naturaleza, personajes, violines, etc.<\/p><div class=\"wp-block-uagb-container uagb-block-151ca7aa alignfull uagb-is-root-container\"><div class=\"uagb-container-inner-blocks-wrap\"><div class=\"wp-block-uagb-container uagb-block-84a32bfd\"><figure class=\"wp-block-image size-large\"><img loading=\"lazy\" decoding=\"async\" width=\"1024\" height=\"683\" src=\"https:\/\/artesaniavelaris.es\/velaris-blog\/wp-content\/uploads\/2025\/09\/4YL7Q000000PWzdWAG-headergd-1024x683.jpg\" alt=\"\" class=\"wp-image-440\" srcset=\"https:\/\/artesaniavelaris.es\/velaris-blog\/wp-content\/uploads\/2025\/09\/4YL7Q000000PWzdWAG-headergd-1024x683.jpg 1024w, https:\/\/artesaniavelaris.es\/velaris-blog\/wp-content\/uploads\/2025\/09\/4YL7Q000000PWzdWAG-headergd-300x200.jpg 300w, https:\/\/artesaniavelaris.es\/velaris-blog\/wp-content\/uploads\/2025\/09\/4YL7Q000000PWzdWAG-headergd-768x512.jpg 768w, https:\/\/artesaniavelaris.es\/velaris-blog\/wp-content\/uploads\/2025\/09\/4YL7Q000000PWzdWAG-headergd-600x400.jpg 600w, https:\/\/artesaniavelaris.es\/velaris-blog\/wp-content\/uploads\/2025\/09\/4YL7Q000000PWzdWAG-headergd.jpg 1500w\" sizes=\"(max-width: 1024px) 100vw, 1024px\" \/><\/figure><\/div>\n\n<div class=\"wp-block-uagb-container uagb-block-687caade\"><figure class=\"wp-block-gallery has-nested-images columns-default is-cropped wp-block-gallery-1 is-layout-flex wp-block-gallery-is-layout-flex\"><figure class=\"wp-block-image size-large\"><img loading=\"lazy\" decoding=\"async\" width=\"1000\" height=\"666\" data-id=\"441\" src=\"https:\/\/artesaniavelaris.es\/velaris-blog\/wp-content\/uploads\/2025\/09\/H4200-L381821387.jpg\" alt=\"\" class=\"wp-image-441\" srcset=\"https:\/\/artesaniavelaris.es\/velaris-blog\/wp-content\/uploads\/2025\/09\/H4200-L381821387.jpg 1000w, https:\/\/artesaniavelaris.es\/velaris-blog\/wp-content\/uploads\/2025\/09\/H4200-L381821387-300x200.jpg 300w, https:\/\/artesaniavelaris.es\/velaris-blog\/wp-content\/uploads\/2025\/09\/H4200-L381821387-768x511.jpg 768w, https:\/\/artesaniavelaris.es\/velaris-blog\/wp-content\/uploads\/2025\/09\/H4200-L381821387-600x400.jpg 600w\" sizes=\"(max-width: 1000px) 100vw, 1000px\" \/><\/figure><\/figure><\/div><\/div><\/div><p>Toda su trayectoria y trabajo ha sido exhibido internacionalmente en varios pa\u00edses, como Londres, Par\u00eds, Estados Unidos, Italia. Una de sus colaboraciones m\u00e1s destacadas fue en la pel\u00edcula <strong>\u00ab<em>Eyes wide Shut<\/em>\u00ab<\/strong> de Stanley Kubrick&nbsp; y en 2018 recibi\u00f3 el premio <strong>Maestro d&#8217;Arte e Mestiere <\/strong>para artesanos con calidad tradicional.<\/p><figure class=\"wp-block-embed is-type-video is-provider-youtube wp-block-embed-youtube wp-embed-aspect-16-9 wp-has-aspect-ratio\"><div class=\"wp-block-embed__wrapper\">\n<iframe title=\"C\u00f3mo Hacer una M\u00e1scara Volto de Hombre | Tutorial Paso a Paso \ud83c\udfad\" width=\"640\" height=\"360\" src=\"https:\/\/www.youtube.com\/embed\/i50GYeUAytc?feature=oembed\" frameborder=\"0\" allow=\"accelerometer; autoplay; clipboard-write; encrypted-media; gyroscope; picture-in-picture; web-share\" referrerpolicy=\"strict-origin-when-cross-origin\" allowfullscreen><\/iframe>\n<\/div><\/figure>","protected":false},"excerpt":{"rendered":"<p>Piuma Volto La M\u00e1scara \u201cPiuma Volto\u201d tiene su origen en la tradici\u00f3n veneciana del carnaval ,una de las celebraciones m\u00e1s antiguas y famosas del mundo, y esta m\u00e1scara es una de las m\u00e1s cl\u00e1sicas&nbsp; de Venecia. El Volto o tambi\u00e9n llamado Larva significa fantasma o esp\u00edritu, es usada por todas las clases&nbsp; porque permite integrarse [&hellip;]<\/p>\n","protected":false},"author":1,"featured_media":431,"comment_status":"open","ping_status":"open","sticky":false,"template":"","format":"standard","meta":{"_uag_custom_page_level_css":"","_jetpack_memberships_contains_paid_content":false,"footnotes":""},"categories":[21,22,24],"tags":[28,29],"class_list":["post-430","post","type-post","status-publish","format-standard","has-post-thumbnail","hentry","category-artesania","category-diseno","category-mascaras","tag-boldrin","tag-eyes-wide-shut"],"jetpack_featured_media_url":"https:\/\/artesaniavelaris.es\/velaris-blog\/wp-content\/uploads\/2025\/09\/Kartaruga-Maschere-Veneto-Secrets791-526x500-1.webp","uagb_featured_image_src":{"full":["https:\/\/artesaniavelaris.es\/velaris-blog\/wp-content\/uploads\/2025\/09\/Kartaruga-Maschere-Veneto-Secrets791-526x500-1.webp",526,500,false],"thumbnail":["https:\/\/artesaniavelaris.es\/velaris-blog\/wp-content\/uploads\/2025\/09\/Kartaruga-Maschere-Veneto-Secrets791-526x500-1-150x150.webp",150,150,true],"medium":["https:\/\/artesaniavelaris.es\/velaris-blog\/wp-content\/uploads\/2025\/09\/Kartaruga-Maschere-Veneto-Secrets791-526x500-1-300x285.webp",300,285,true],"medium_large":["https:\/\/artesaniavelaris.es\/velaris-blog\/wp-content\/uploads\/2025\/09\/Kartaruga-Maschere-Veneto-Secrets791-526x500-1.webp",526,500,false],"large":["https:\/\/artesaniavelaris.es\/velaris-blog\/wp-content\/uploads\/2025\/09\/Kartaruga-Maschere-Veneto-Secrets791-526x500-1.webp",526,500,false],"1536x1536":["https:\/\/artesaniavelaris.es\/velaris-blog\/wp-content\/uploads\/2025\/09\/Kartaruga-Maschere-Veneto-Secrets791-526x500-1.webp",526,500,false],"2048x2048":["https:\/\/artesaniavelaris.es\/velaris-blog\/wp-content\/uploads\/2025\/09\/Kartaruga-Maschere-Veneto-Secrets791-526x500-1.webp",526,500,false],"blogarise-slider-full":["https:\/\/artesaniavelaris.es\/velaris-blog\/wp-content\/uploads\/2025\/09\/Kartaruga-Maschere-Veneto-Secrets791-526x500-1.webp",526,500,false],"blogarise-featured":["https:\/\/artesaniavelaris.es\/velaris-blog\/wp-content\/uploads\/2025\/09\/Kartaruga-Maschere-Veneto-Secrets791-526x500-1.webp",526,500,false],"blogarise-medium":["https:\/\/artesaniavelaris.es\/velaris-blog\/wp-content\/uploads\/2025\/09\/Kartaruga-Maschere-Veneto-Secrets791-526x500-1-526x380.webp",526,380,true],"woocommerce_thumbnail":["https:\/\/artesaniavelaris.es\/velaris-blog\/wp-content\/uploads\/2025\/09\/Kartaruga-Maschere-Veneto-Secrets791-526x500-1-300x300.webp",300,300,true],"woocommerce_single":["https:\/\/artesaniavelaris.es\/velaris-blog\/wp-content\/uploads\/2025\/09\/Kartaruga-Maschere-Veneto-Secrets791-526x500-1.webp",526,500,false],"woocommerce_gallery_thumbnail":["https:\/\/artesaniavelaris.es\/velaris-blog\/wp-content\/uploads\/2025\/09\/Kartaruga-Maschere-Veneto-Secrets791-526x500-1-100x100.webp",100,100,true]},"uagb_author_info":{"display_name":"Velaris","author_link":"https:\/\/artesaniavelaris.es\/velaris-blog\/author\/fromanr\/"},"uagb_comment_info":0,"uagb_excerpt":"Piuma Volto La M\u00e1scara \u201cPiuma Volto\u201d tiene su origen en la tradici\u00f3n veneciana del carnaval ,una de las celebraciones m\u00e1s antiguas y famosas del mundo, y esta m\u00e1scara es una de las m\u00e1s cl\u00e1sicas&nbsp; de Venecia. El Volto o tambi\u00e9n llamado Larva significa fantasma o esp\u00edritu, es usada por todas las clases&nbsp; porque permite integrarse&hellip;","jetpack_sharing_enabled":true,"_links":{"self":[{"href":"https:\/\/artesaniavelaris.es\/velaris-blog\/wp-json\/wp\/v2\/posts\/430","targetHints":{"allow":["GET"]}}],"collection":[{"href":"https:\/\/artesaniavelaris.es\/velaris-blog\/wp-json\/wp\/v2\/posts"}],"about":[{"href":"https:\/\/artesaniavelaris.es\/velaris-blog\/wp-json\/wp\/v2\/types\/post"}],"author":[{"embeddable":true,"href":"https:\/\/artesaniavelaris.es\/velaris-blog\/wp-json\/wp\/v2\/users\/1"}],"replies":[{"embeddable":true,"href":"https:\/\/artesaniavelaris.es\/velaris-blog\/wp-json\/wp\/v2\/comments?post=430"}],"version-history":[{"count":2,"href":"https:\/\/artesaniavelaris.es\/velaris-blog\/wp-json\/wp\/v2\/posts\/430\/revisions"}],"predecessor-version":[{"id":443,"href":"https:\/\/artesaniavelaris.es\/velaris-blog\/wp-json\/wp\/v2\/posts\/430\/revisions\/443"}],"wp:featuredmedia":[{"embeddable":true,"href":"https:\/\/artesaniavelaris.es\/velaris-blog\/wp-json\/wp\/v2\/media\/431"}],"wp:attachment":[{"href":"https:\/\/artesaniavelaris.es\/velaris-blog\/wp-json\/wp\/v2\/media?parent=430"}],"wp:term":[{"taxonomy":"category","embeddable":true,"href":"https:\/\/artesaniavelaris.es\/velaris-blog\/wp-json\/wp\/v2\/categories?post=430"},{"taxonomy":"post_tag","embeddable":true,"href":"https:\/\/artesaniavelaris.es\/velaris-blog\/wp-json\/wp\/v2\/tags?post=430"}],"curies":[{"name":"wp","href":"https:\/\/api.w.org\/{rel}","templated":true}]}}