{"id":469,"date":"2025-10-30T09:13:47","date_gmt":"2025-10-30T09:13:47","guid":{"rendered":"https:\/\/artesaniavelaris.es\/velaris-blog\/?p=469"},"modified":"2025-10-30T09:16:47","modified_gmt":"2025-10-30T09:16:47","slug":"mascara-y-antifaz-de-arana-para-halloween","status":"publish","type":"post","link":"https:\/\/artesaniavelaris.es\/velaris-blog\/2025\/10\/30\/mascara-y-antifaz-de-arana-para-halloween\/","title":{"rendered":"M\u00e1scara y antifaz de Ara\u00f1a para Halloween"},"content":{"rendered":"<figure class=\"wp-block-embed is-type-video is-provider-youtube wp-block-embed-youtube wp-embed-aspect-16-9 wp-has-aspect-ratio\"><div class=\"wp-block-embed__wrapper\">\n<iframe title=\"\ud83d\udd77\ufe0f \u00a1Crea tu propio antifaz de ara\u00f1a para Halloween! \ud83c\udf83\" width=\"640\" height=\"360\" src=\"https:\/\/www.youtube.com\/embed\/6UocTqURWtw?start=3&#038;feature=oembed\" frameborder=\"0\" allow=\"accelerometer; autoplay; clipboard-write; encrypted-media; gyroscope; picture-in-picture; web-share\" referrerpolicy=\"strict-origin-when-cross-origin\" allowfullscreen><\/iframe>\n<\/div><\/figure><p>En este video mostramos una forma f\u00e1cil de decorar tu m\u00e1scara o antifaz para Halloween o cualquier otro evento o festejo, en este caso hemos elegido una decoraci\u00f3n en forma de ara\u00f1a por ser un elemento muy acorde con la festividad se\u00f1alada.<\/p><h2 class=\"wp-block-heading\">Materiales:<\/h2><ul class=\"wp-block-list\"><li>Base de antifaz o m\u00e1scara<\/li><\/ul><ul class=\"wp-block-list\"><li>Pintura acr\u00edlica de color negra<\/li><\/ul><ul class=\"wp-block-list\"><li>Hilo fino de bordar&nbsp;<\/li><\/ul><ul class=\"wp-block-list\"><li>Pegamento cola<\/li><\/ul><ul class=\"wp-block-list\"><li>Cord\u00f3n plateado&nbsp;<\/li><\/ul><ul class=\"wp-block-list\"><li>Alambre<\/li><\/ul><ul class=\"wp-block-list\"><li>Cord\u00f3n sujeci\u00f3n o goma el\u00e1stica<\/li><\/ul><ul class=\"wp-block-list\"><li>Puntilla de encaje<\/li><\/ul><ul class=\"wp-block-list\"><li>Barniz<\/li><\/ul><p>En videos anteriores hemos mostrado c\u00f3mo dar la forma deseada a tu antifaz utilizando una primera base hecha de papel higi\u00e9nico, es un material multifuncional y pr\u00e1ctico que nos permite dibujar y recortar sobre \u00e9l.<\/p><figure class=\"wp-block-embed is-type-video is-provider-youtube wp-block-embed-youtube wp-embed-aspect-16-9 wp-has-aspect-ratio\"><div class=\"wp-block-embed__wrapper\">\n<iframe title=\"C\u00f3mo hacer la base de un antifaz desde cero\" width=\"640\" height=\"360\" src=\"https:\/\/www.youtube.com\/embed\/J-krNiUxvsc?start=12&#038;feature=oembed\" frameborder=\"0\" allow=\"accelerometer; autoplay; clipboard-write; encrypted-media; gyroscope; picture-in-picture; web-share\" referrerpolicy=\"strict-origin-when-cross-origin\" allowfullscreen><\/iframe>\n<\/div><\/figure><p>Posteriormente hemos cubierto esta misma base de una capa de escayola en polvo, dejando secar 24h hemos pasado al proceso de lijado y pulido de forma manual.<\/p><p>Este antifaz requiere lijar con suavidad para no romper los picos dise\u00f1ados que dar\u00e1n forma a la tela de ara\u00f1a que rodear\u00e1 toda su estructura.<\/p><p>Es conveniente dibujar sobre la base de papel el dise\u00f1o para ver el espacio que ocupar\u00e1 en el rostro y que el tama\u00f1o de la ara\u00f1a solo ocupe la nariz, dando una sim\u00e9trica al entorno. Teniendo un dise\u00f1o previo evitaremos equivocarnos o estropear la base de la escayola.<\/p><figure class=\"wp-block-image size-large\"><img fetchpriority=\"high\" decoding=\"async\" width=\"1024\" height=\"473\" src=\"https:\/\/artesaniavelaris.es\/velaris-blog\/wp-content\/uploads\/2025\/10\/boceto-halloween-arana-1024x473.jpeg\" alt=\"\" class=\"wp-image-470\" srcset=\"https:\/\/artesaniavelaris.es\/velaris-blog\/wp-content\/uploads\/2025\/10\/boceto-halloween-arana-1024x473.jpeg 1024w, https:\/\/artesaniavelaris.es\/velaris-blog\/wp-content\/uploads\/2025\/10\/boceto-halloween-arana-300x139.jpeg 300w, https:\/\/artesaniavelaris.es\/velaris-blog\/wp-content\/uploads\/2025\/10\/boceto-halloween-arana-768x355.jpeg 768w, https:\/\/artesaniavelaris.es\/velaris-blog\/wp-content\/uploads\/2025\/10\/boceto-halloween-arana-1536x709.jpeg 1536w, https:\/\/artesaniavelaris.es\/velaris-blog\/wp-content\/uploads\/2025\/10\/boceto-halloween-arana-600x277.jpeg 600w, https:\/\/artesaniavelaris.es\/velaris-blog\/wp-content\/uploads\/2025\/10\/boceto-halloween-arana.jpeg 1600w\" sizes=\"(max-width: 1024px) 100vw, 1024px\" \/><\/figure><h2 class=\"wp-block-heading\">\u00bfC\u00f3mo se hace?<\/h2><p>Hemos elegido pintura acr\u00edlica negra para que contraste con el blanco de la tela de ara\u00f1a, utilizaremos hilo fino de bordar para formar un relieve con la forma.<\/p><p>Tomaremos como punto central el entorno de la nariz, donde m\u00e1s tarde colocaremos&nbsp; similitud a la silueta de una ara\u00f1a.<\/p><div class=\"wp-block-uagb-container uagb-block-ce2a8610 alignfull uagb-is-root-container\"><div class=\"uagb-container-inner-blocks-wrap\"><div class=\"wp-block-uagb-container uagb-block-4effd9fa\"><figure class=\"wp-block-image size-full\"><img decoding=\"async\" width=\"738\" height=\"703\" src=\"https:\/\/artesaniavelaris.es\/velaris-blog\/wp-content\/uploads\/2025\/10\/halloween-arana-pre.jpeg\" alt=\"\" class=\"wp-image-471\" srcset=\"https:\/\/artesaniavelaris.es\/velaris-blog\/wp-content\/uploads\/2025\/10\/halloween-arana-pre.jpeg 738w, https:\/\/artesaniavelaris.es\/velaris-blog\/wp-content\/uploads\/2025\/10\/halloween-arana-pre-300x286.jpeg 300w, https:\/\/artesaniavelaris.es\/velaris-blog\/wp-content\/uploads\/2025\/10\/halloween-arana-pre-600x572.jpeg 600w\" sizes=\"(max-width: 738px) 100vw, 738px\" \/><\/figure><\/div>\n\n<div class=\"wp-block-uagb-container uagb-block-821df953\"><p>Para una mejor visibilidad, hemos decidido colocar la ara\u00f1a boca abajo, ya que al ser la cabeza m\u00e1s peque\u00f1a que el cuerpo se adapta mejor al pico de la nariz.<\/p>\n\n<p>Quer\u00edamos un toque original y elegante que pudiera destacar su dise\u00f1o, por eso hemos elegido&nbsp; unas patas que puedan cubrir el rostro de forma sim\u00e9trica, fina y sencilla.<\/p><\/div><\/div><\/div><div class=\"wp-block-uagb-container uagb-block-3b2efe97 alignfull uagb-is-root-container\"><div class=\"uagb-container-inner-blocks-wrap\"><div class=\"wp-block-uagb-container uagb-block-4371abdb\"><p>Hemos utilizado un cord\u00f3n plata al que hemos introducido un alambre, de este modo podremos dar la forma deseada a la pata y darle un toque de rigidez que nos&nbsp;permita acoplarla al entorno del rostro sin perder la figura.<\/p>\n\n<p>Nos parec\u00eda elegante una vez terminada poner una puntilla de encaje alrededor, dando un toque de distinci\u00f3n y misterio y simulando la ampliaci\u00f3n de la tela de ara\u00f1a fuera del antifaz.<\/p><\/div>\n\n<div class=\"wp-block-uagb-container uagb-block-783d9c04\"><figure class=\"wp-block-image size-full\" id=\"https:\/\/artesaniavelaris.es\/tienda\/es\/\"><a href=\"https:\/\/artesaniavelaris.es\/tienda\/es\/\"><img decoding=\"async\" width=\"734\" height=\"795\" src=\"https:\/\/artesaniavelaris.es\/velaris-blog\/wp-content\/uploads\/2025\/10\/halloween-arana.jpeg\" alt=\"\" class=\"wp-image-472\" title=\"\" srcset=\"https:\/\/artesaniavelaris.es\/velaris-blog\/wp-content\/uploads\/2025\/10\/halloween-arana.jpeg 734w, https:\/\/artesaniavelaris.es\/velaris-blog\/wp-content\/uploads\/2025\/10\/halloween-arana-277x300.jpeg 277w, https:\/\/artesaniavelaris.es\/velaris-blog\/wp-content\/uploads\/2025\/10\/halloween-arana-600x650.jpeg 600w\" sizes=\"(max-width: 734px) 100vw, 734px\" \/><\/a><\/figure><\/div><\/div><\/div><h2 class=\"wp-block-heading\">Precedencia y s\u00edmbolos que inspiran el dise\u00f1o<\/h2><p>Las ara\u00f1as est\u00e1n muy asociadas con Halloween por varias razones que mezclan simbolismo,historia y cultura popular.<\/p><h3 class=\"wp-block-heading\">Simbolismo<\/h3><p>Simbolizan lo misterioso y oculto por vivir en rincones oscuros de lugares abandonados donde pueden tejer sus telara\u00f1as sin ser molestadas cubriendo tanto objetos, muebles y esquinas creando una atm\u00f3sfera de abandono en lugares deshabitados evocando miedo, misterio y decadencia de casas.<\/p><p>En cada cultura tiene un significado muy distinto desde ser venerada hasta repudiada, pero siempre ha sido un ar\u00e1cnido presente, que a pesar de su peque\u00f1o tama\u00f1o su fisonom\u00eda elegante y curiosa.<\/p><div class=\"wp-block-uagb-container uagb-block-fe8665ac alignfull uagb-is-root-container\"><div class=\"uagb-container-inner-blocks-wrap\"><div class=\"wp-block-uagb-container uagb-block-9358b57f\"><figure class=\"wp-block-image size-full\"><img loading=\"lazy\" decoding=\"async\" width=\"501\" height=\"321\" src=\"https:\/\/artesaniavelaris.es\/velaris-blog\/wp-content\/uploads\/2025\/10\/Pagan-Goddesses-Biliku-KiranAtma-3.jpg\" alt=\"\" class=\"wp-image-474\" srcset=\"https:\/\/artesaniavelaris.es\/velaris-blog\/wp-content\/uploads\/2025\/10\/Pagan-Goddesses-Biliku-KiranAtma-3.jpg 501w, https:\/\/artesaniavelaris.es\/velaris-blog\/wp-content\/uploads\/2025\/10\/Pagan-Goddesses-Biliku-KiranAtma-3-300x192.jpg 300w\" sizes=\"(max-width: 501px) 100vw, 501px\" \/><\/figure><\/div>\n\n<div class=\"wp-block-uagb-container uagb-block-c2e77358\"><figure class=\"wp-block-image size-full is-resized\"><img loading=\"lazy\" decoding=\"async\" width=\"736\" height=\"981\" src=\"https:\/\/artesaniavelaris.es\/velaris-blog\/wp-content\/uploads\/2025\/10\/2f3e4711ff0044407d9771e8e736cb17.jpg\" alt=\"\" class=\"wp-image-475\" style=\"width:183px;height:auto\" srcset=\"https:\/\/artesaniavelaris.es\/velaris-blog\/wp-content\/uploads\/2025\/10\/2f3e4711ff0044407d9771e8e736cb17.jpg 736w, https:\/\/artesaniavelaris.es\/velaris-blog\/wp-content\/uploads\/2025\/10\/2f3e4711ff0044407d9771e8e736cb17-225x300.jpg 225w, https:\/\/artesaniavelaris.es\/velaris-blog\/wp-content\/uploads\/2025\/10\/2f3e4711ff0044407d9771e8e736cb17-600x800.jpg 600w\" sizes=\"(max-width: 736px) 100vw, 736px\" \/><\/figure><\/div>\n\n<div class=\"wp-block-uagb-container uagb-block-2007b80a\"><figure class=\"wp-block-image size-full\"><img loading=\"lazy\" decoding=\"async\" width=\"340\" height=\"270\" src=\"https:\/\/artesaniavelaris.es\/velaris-blog\/wp-content\/uploads\/2025\/10\/Neith.webp\" alt=\"\" class=\"wp-image-476\" srcset=\"https:\/\/artesaniavelaris.es\/velaris-blog\/wp-content\/uploads\/2025\/10\/Neith.webp 340w, https:\/\/artesaniavelaris.es\/velaris-blog\/wp-content\/uploads\/2025\/10\/Neith-300x238.webp 300w\" sizes=\"(max-width: 340px) 100vw, 340px\" \/><\/figure><\/div><\/div><\/div><p>En \u00c1frica es representada la inteligencia, el ingenio y sabidur\u00eda, llamada<em> <a href=\"https:\/\/es.wikipedia.org\/wiki\/Anansi\" data-type=\"link\" data-id=\"https:\/\/es.wikipedia.org\/wiki\/Anansi\">Anansi<\/a> <\/em>es s\u00edmbolo de vencer con la mente, no con la fuerza.<\/p><p>En culturas ind\u00edgenas de Am\u00e9rica, la representa con figura de mujer y como tejedora del mundo que mantiene el equilibrio en la vida y como diosa creadora que ense\u00f1a a tejer a los humanos para crear su propio destino.<\/p><p>En la mitolog\u00eda griega,<em> Aracne <\/em>representaba&nbsp; la habilidad, creaci\u00f3n art\u00edstica pero fue castigada al retar a Atenea por su soberbia y maestr\u00eda.<\/p><p>En el Antiguo Egipto era la diosa <em><a href=\"https:\/\/es.wikipedia.org\/wiki\/Neit#:~:text=Neit%2C%20o%20Neith%2C%20es%20una,Deidad%20griega:%20Atenea.\" data-type=\"link\" data-id=\"https:\/\/es.wikipedia.org\/wiki\/Neit#:~:text=Neit%2C%20o%20Neith%2C%20es%20una,Deidad%20griega:%20Atenea.\">Neith<\/a><\/em>, la que teje el universo por ello significaba conexi\u00f3n c\u00f3smica, creaci\u00f3n y destino.<\/p><p>En china, su propio nombre indica felicidad cae del cielo, siendo algo positivo, sin embargo en Jap\u00f3n la mujer ara\u00f1a se asocia al enga\u00f1o y seducci\u00f3n mortal.<\/p><h3 class=\"wp-block-heading\">Conexi\u00f3n con la muerte<\/h3><p>Durante la edad media, las ara\u00f1as fueron atribuidas a la maldad, peligro e incluso presagio de muerte.<\/p><p>En muchas culturas, las ara\u00f1as simbolizan la muerte, el destino o la fragilidad de la vida, por la delicadeza de sus telas.<\/p><h3 class=\"wp-block-heading\">Presencia en la brujer\u00eda y ocultismo<\/h3><p>Suelen aparecer junto a brujas en cuentos de leyendas y antiguamente se cre\u00eda que eran familiares reencarnados&nbsp; que ayudaban en sus hechizos.<\/p><h3 class=\"wp-block-heading\">Influencia en cine y literatura<\/h3><p>Siempre mostradas como criaturas inquietantes,sigilosas pero r\u00e1pidas,que aparecen de forma improvisada sin saber c\u00f3mo van a reaccionar provocando miedo a&nbsp; lo inesperado creando una situaci\u00f3n espeluznante en los cl\u00e1sicos de terror.<\/p><div class=\"wp-block-uagb-container uagb-block-0929e945 alignfull uagb-is-root-container\"><div class=\"uagb-container-inner-blocks-wrap\"><div class=\"wp-block-uagb-container uagb-block-08e4f59f\"><figure class=\"wp-block-image size-large\"><img loading=\"lazy\" decoding=\"async\" width=\"1024\" height=\"576\" src=\"https:\/\/artesaniavelaris.es\/velaris-blog\/wp-content\/uploads\/2025\/10\/fZ4ktexSshkMqzX3hvpWIRm7esb-1024x576.jpg\" alt=\"\" class=\"wp-image-477\" title=\"Ar\u00e1cnidos\" srcset=\"https:\/\/artesaniavelaris.es\/velaris-blog\/wp-content\/uploads\/2025\/10\/fZ4ktexSshkMqzX3hvpWIRm7esb-1024x576.jpg 1024w, https:\/\/artesaniavelaris.es\/velaris-blog\/wp-content\/uploads\/2025\/10\/fZ4ktexSshkMqzX3hvpWIRm7esb-300x169.jpg 300w, https:\/\/artesaniavelaris.es\/velaris-blog\/wp-content\/uploads\/2025\/10\/fZ4ktexSshkMqzX3hvpWIRm7esb-768x432.jpg 768w, https:\/\/artesaniavelaris.es\/velaris-blog\/wp-content\/uploads\/2025\/10\/fZ4ktexSshkMqzX3hvpWIRm7esb-600x338.jpg 600w, https:\/\/artesaniavelaris.es\/velaris-blog\/wp-content\/uploads\/2025\/10\/fZ4ktexSshkMqzX3hvpWIRm7esb.jpg 1280w\" sizes=\"(max-width: 1024px) 100vw, 1024px\" \/><\/figure><\/div>\n\n<div class=\"wp-block-uagb-container uagb-block-a10a5479\"><figure class=\"wp-block-image size-large\"><img loading=\"lazy\" decoding=\"async\" width=\"1024\" height=\"576\" src=\"https:\/\/artesaniavelaris.es\/velaris-blog\/wp-content\/uploads\/2025\/10\/sting-arana-asesina-67e691820deeb-1024x576.avif\" alt=\"\" class=\"wp-image-478\" title=\"La ara\u00f1a asesina\" srcset=\"https:\/\/artesaniavelaris.es\/velaris-blog\/wp-content\/uploads\/2025\/10\/sting-arana-asesina-67e691820deeb-1024x576.avif 1024w, https:\/\/artesaniavelaris.es\/velaris-blog\/wp-content\/uploads\/2025\/10\/sting-arana-asesina-67e691820deeb-300x169.avif 300w, https:\/\/artesaniavelaris.es\/velaris-blog\/wp-content\/uploads\/2025\/10\/sting-arana-asesina-67e691820deeb-768x432.avif 768w, https:\/\/artesaniavelaris.es\/velaris-blog\/wp-content\/uploads\/2025\/10\/sting-arana-asesina-67e691820deeb-600x338.avif 600w, https:\/\/artesaniavelaris.es\/velaris-blog\/wp-content\/uploads\/2025\/10\/sting-arana-asesina-67e691820deeb.avif 1200w\" sizes=\"(max-width: 1024px) 100vw, 1024px\" \/><\/figure><\/div><\/div><\/div><p>En otras ocasiones su sigilo ayuda aparecer de imprevisto y ayudar a inocentes, representada como un h\u00e9roe, Spiderman.<\/p><p>Personaje m\u00edtico dibujado por Steve Ditko, donde se quiso crear un modelo de adolescente responsable que pudiera tener la responsabilidad de un poder y donde j\u00f3venes pudieran verse reflejados, adem\u00e1s de ense\u00f1ar las caracter\u00edsticas del sentido ar\u00e1cnido, un animal fascinante.<\/p><figure class=\"wp-block-image size-large\"><img loading=\"lazy\" decoding=\"async\" width=\"1024\" height=\"576\" src=\"https:\/\/artesaniavelaris.es\/velaris-blog\/wp-content\/uploads\/2025\/10\/spider-man-axtz0jnhj20oq57g-1024x576.jpg\" alt=\"\" class=\"wp-image-479\" srcset=\"https:\/\/artesaniavelaris.es\/velaris-blog\/wp-content\/uploads\/2025\/10\/spider-man-axtz0jnhj20oq57g-1024x576.jpg 1024w, https:\/\/artesaniavelaris.es\/velaris-blog\/wp-content\/uploads\/2025\/10\/spider-man-axtz0jnhj20oq57g-300x169.jpg 300w, https:\/\/artesaniavelaris.es\/velaris-blog\/wp-content\/uploads\/2025\/10\/spider-man-axtz0jnhj20oq57g-768x432.jpg 768w, https:\/\/artesaniavelaris.es\/velaris-blog\/wp-content\/uploads\/2025\/10\/spider-man-axtz0jnhj20oq57g-1536x864.jpg 1536w, https:\/\/artesaniavelaris.es\/velaris-blog\/wp-content\/uploads\/2025\/10\/spider-man-axtz0jnhj20oq57g-1280x720.jpg 1280w, https:\/\/artesaniavelaris.es\/velaris-blog\/wp-content\/uploads\/2025\/10\/spider-man-axtz0jnhj20oq57g-600x338.jpg 600w, https:\/\/artesaniavelaris.es\/velaris-blog\/wp-content\/uploads\/2025\/10\/spider-man-axtz0jnhj20oq57g.jpg 1920w\" sizes=\"(max-width: 1024px) 100vw, 1024px\" \/><\/figure><h3 class=\"wp-block-heading\">Elemento decorativo ic\u00f3nico<\/h3><div class=\"wp-block-uagb-container uagb-block-e1370ad1 alignfull uagb-is-root-container\"><div class=\"uagb-container-inner-blocks-wrap\"><div class=\"wp-block-uagb-container uagb-block-77341ad1\"><p>Las telara\u00f1as falsas y ara\u00f1as de pl\u00e1stico se han convertido hoy d\u00eda en un elemento imprescindibles para decoraciones de Halloween, dando juego a ambientes tem\u00e1ticos aterradores como pasajes del terror o decoraci\u00f3n infantiles divertidas, de este modo es un accesorio para todos los p\u00fablicos, con miles de versiones tanto originales, divertidas o aterradoras, sin faltar nunca, sea la fiesta que sea, un buen disfraz acompa\u00f1ado de un antifaz o m\u00e1scara espectacular.<\/p><\/div>\n\n<div class=\"wp-block-uagb-container uagb-block-740ab7c8\"><figure class=\"wp-block-image size-full\" id=\"https:\/\/artesaniavelaris.es\/tienda\/es\/\"><a href=\"https:\/\/artesaniavelaris.es\/tienda\/es\/\"><img loading=\"lazy\" decoding=\"async\" width=\"1024\" height=\"1024\" src=\"https:\/\/artesaniavelaris.es\/velaris-blog\/wp-content\/uploads\/2025\/10\/antifaz_arana_velaris.png\" alt=\"\" class=\"wp-image-480\" srcset=\"https:\/\/artesaniavelaris.es\/velaris-blog\/wp-content\/uploads\/2025\/10\/antifaz_arana_velaris.png 1024w, https:\/\/artesaniavelaris.es\/velaris-blog\/wp-content\/uploads\/2025\/10\/antifaz_arana_velaris-300x300.png 300w, https:\/\/artesaniavelaris.es\/velaris-blog\/wp-content\/uploads\/2025\/10\/antifaz_arana_velaris-150x150.png 150w, https:\/\/artesaniavelaris.es\/velaris-blog\/wp-content\/uploads\/2025\/10\/antifaz_arana_velaris-768x768.png 768w, https:\/\/artesaniavelaris.es\/velaris-blog\/wp-content\/uploads\/2025\/10\/antifaz_arana_velaris-600x600.png 600w, https:\/\/artesaniavelaris.es\/velaris-blog\/wp-content\/uploads\/2025\/10\/antifaz_arana_velaris-100x100.png 100w\" sizes=\"(max-width: 1024px) 100vw, 1024px\" \/><\/a><\/figure><\/div><\/div><\/div><p><\/p>","protected":false},"excerpt":{"rendered":"<p>En este video mostramos una forma f\u00e1cil de decorar tu m\u00e1scara o antifaz para Halloween o cualquier otro evento o festejo, en este caso hemos elegido una decoraci\u00f3n en forma de ara\u00f1a por ser un elemento muy acorde con la festividad se\u00f1alada. Materiales: En videos anteriores hemos mostrado c\u00f3mo dar la forma deseada a tu [&hellip;]<\/p>\n","protected":false},"author":1,"featured_media":482,"comment_status":"open","ping_status":"open","sticky":false,"template":"","format":"standard","meta":{"_uag_custom_page_level_css":"","_jetpack_memberships_contains_paid_content":false,"footnotes":""},"categories":[25,22,30],"tags":[33,32,31,34,35],"class_list":["post-469","post","type-post","status-publish","format-standard","has-post-thumbnail","hentry","category-antifaces","category-diseno","category-halloween","tag-antifaz","tag-arana","tag-halloween","tag-mascara","tag-mascara-de-halloween"],"jetpack_featured_media_url":"https:\/\/artesaniavelaris.es\/velaris-blog\/wp-content\/uploads\/2025\/10\/miniatura-a-scaled.jpg","uagb_featured_image_src":{"full":["https:\/\/artesaniavelaris.es\/velaris-blog\/wp-content\/uploads\/2025\/10\/miniatura-a-scaled.jpg",2560,1440,false],"thumbnail":["https:\/\/artesaniavelaris.es\/velaris-blog\/wp-content\/uploads\/2025\/10\/miniatura-a-150x150.jpg",150,150,true],"medium":["https:\/\/artesaniavelaris.es\/velaris-blog\/wp-content\/uploads\/2025\/10\/miniatura-a-300x169.jpg",300,169,true],"medium_large":["https:\/\/artesaniavelaris.es\/velaris-blog\/wp-content\/uploads\/2025\/10\/miniatura-a-768x432.jpg",640,360,true],"large":["https:\/\/artesaniavelaris.es\/velaris-blog\/wp-content\/uploads\/2025\/10\/miniatura-a-1024x576.jpg",640,360,true],"1536x1536":["https:\/\/artesaniavelaris.es\/velaris-blog\/wp-content\/uploads\/2025\/10\/miniatura-a-1536x864.jpg",1536,864,true],"2048x2048":["https:\/\/artesaniavelaris.es\/velaris-blog\/wp-content\/uploads\/2025\/10\/miniatura-a-2048x1152.jpg",2048,1152,true],"blogarise-slider-full":["https:\/\/artesaniavelaris.es\/velaris-blog\/wp-content\/uploads\/2025\/10\/miniatura-a-1280x720.jpg",1280,720,true],"blogarise-featured":["https:\/\/artesaniavelaris.es\/velaris-blog\/wp-content\/uploads\/2025\/10\/miniatura-a-1024x576.jpg",1024,576,true],"blogarise-medium":["https:\/\/artesaniavelaris.es\/velaris-blog\/wp-content\/uploads\/2025\/10\/miniatura-a-720x380.jpg",720,380,true],"woocommerce_thumbnail":["https:\/\/artesaniavelaris.es\/velaris-blog\/wp-content\/uploads\/2025\/10\/miniatura-a-300x300.jpg",300,300,true],"woocommerce_single":["https:\/\/artesaniavelaris.es\/velaris-blog\/wp-content\/uploads\/2025\/10\/miniatura-a-600x338.jpg",600,338,true],"woocommerce_gallery_thumbnail":["https:\/\/artesaniavelaris.es\/velaris-blog\/wp-content\/uploads\/2025\/10\/miniatura-a-100x100.jpg",100,100,true]},"uagb_author_info":{"display_name":"Velaris","author_link":"https:\/\/artesaniavelaris.es\/velaris-blog\/author\/fromanr\/"},"uagb_comment_info":0,"uagb_excerpt":"En este video mostramos una forma f\u00e1cil de decorar tu m\u00e1scara o antifaz para Halloween o cualquier otro evento o festejo, en este caso hemos elegido una decoraci\u00f3n en forma de ara\u00f1a por ser un elemento muy acorde con la festividad se\u00f1alada. Materiales: En videos anteriores hemos mostrado c\u00f3mo dar la forma deseada a tu&hellip;","jetpack_sharing_enabled":true,"_links":{"self":[{"href":"https:\/\/artesaniavelaris.es\/velaris-blog\/wp-json\/wp\/v2\/posts\/469","targetHints":{"allow":["GET"]}}],"collection":[{"href":"https:\/\/artesaniavelaris.es\/velaris-blog\/wp-json\/wp\/v2\/posts"}],"about":[{"href":"https:\/\/artesaniavelaris.es\/velaris-blog\/wp-json\/wp\/v2\/types\/post"}],"author":[{"embeddable":true,"href":"https:\/\/artesaniavelaris.es\/velaris-blog\/wp-json\/wp\/v2\/users\/1"}],"replies":[{"embeddable":true,"href":"https:\/\/artesaniavelaris.es\/velaris-blog\/wp-json\/wp\/v2\/comments?post=469"}],"version-history":[{"count":4,"href":"https:\/\/artesaniavelaris.es\/velaris-blog\/wp-json\/wp\/v2\/posts\/469\/revisions"}],"predecessor-version":[{"id":484,"href":"https:\/\/artesaniavelaris.es\/velaris-blog\/wp-json\/wp\/v2\/posts\/469\/revisions\/484"}],"wp:featuredmedia":[{"embeddable":true,"href":"https:\/\/artesaniavelaris.es\/velaris-blog\/wp-json\/wp\/v2\/media\/482"}],"wp:attachment":[{"href":"https:\/\/artesaniavelaris.es\/velaris-blog\/wp-json\/wp\/v2\/media?parent=469"}],"wp:term":[{"taxonomy":"category","embeddable":true,"href":"https:\/\/artesaniavelaris.es\/velaris-blog\/wp-json\/wp\/v2\/categories?post=469"},{"taxonomy":"post_tag","embeddable":true,"href":"https:\/\/artesaniavelaris.es\/velaris-blog\/wp-json\/wp\/v2\/tags?post=469"}],"curies":[{"name":"wp","href":"https:\/\/api.w.org\/{rel}","templated":true}]}}