{"id":485,"date":"2025-11-03T10:08:52","date_gmt":"2025-11-03T10:08:52","guid":{"rendered":"https:\/\/artesaniavelaris.es\/velaris-blog\/?p=485"},"modified":"2025-11-03T10:08:52","modified_gmt":"2025-11-03T10:08:52","slug":"mascara-catrina-dia-de-los-muertos","status":"publish","type":"post","link":"https:\/\/artesaniavelaris.es\/velaris-blog\/2025\/11\/03\/mascara-catrina-dia-de-los-muertos\/","title":{"rendered":"M\u00e1scara Catrina. D\u00eda de los Muertos."},"content":{"rendered":"<p>En este nuevo video he querido retratar a la famosa<em> <\/em><strong>\u00ab<em>Catrina\u00bb<\/em><\/strong><em>, <\/em>t\u00edpica de la cultura <strong>Mexicana el D\u00eda de los Muertos<\/strong> por ser una figura que combina humor, arte y reflexi\u00f3n. Adem\u00e1s sus nuevas versiones es representada como elegante y nos invita a celebrar la vida manteniendo las tradiciones de una forma alegre y festiva.<\/p><figure class=\"wp-block-embed is-type-video is-provider-youtube wp-block-embed-youtube wp-embed-aspect-16-9 wp-has-aspect-ratio\"><div class=\"wp-block-embed__wrapper\">\n<iframe title=\"\ud83d\udc80\u2728 Aprende c\u00f3mo hacer una hermosa m\u00e1scara de Catrina para el D\u00eda de los Muertos.\" width=\"640\" height=\"360\" src=\"https:\/\/www.youtube.com\/embed\/dCg5_iGyjis?feature=oembed\" frameborder=\"0\" allow=\"accelerometer; autoplay; clipboard-write; encrypted-media; gyroscope; picture-in-picture; web-share\" referrerpolicy=\"strict-origin-when-cross-origin\" allowfullscreen><\/iframe>\n<\/div><\/figure><h2 class=\"wp-block-heading\">Materiales<\/h2><ul class=\"wp-block-list\"><li>Base de m\u00e1scara<\/li><\/ul><ul class=\"wp-block-list\"><li>Pintura acr\u00edlica azul y plata<\/li><\/ul><ul class=\"wp-block-list\"><li>Pinceles\u00a0<\/li><\/ul><ul class=\"wp-block-list\"><li>Cola\u00a0<\/li><\/ul><ul class=\"wp-block-list\"><li>Tela bordada con temas florales<\/li><\/ul><ul class=\"wp-block-list\"><li>Diamante falsos<\/li><\/ul><ul class=\"wp-block-list\"><li>Cord\u00f3n sujeci\u00f3n<\/li><\/ul><ul class=\"wp-block-list\"><li>Cintas raso para decoraci\u00f3n colgante<\/li><\/ul><p>El color de la m\u00e1scara es optativo, puedes elegir el que quieras o el que tenga un significado especial el D\u00eda de los difuntos.<\/p><p>Se puede utilizar pistola de silicona caliente, personalmente siempre opto por la cola, aunque tarda un poco en secar y es un t\u00e9cnica m\u00e1s lenta, permite hacer rectificaciones a tiempo sin estropear el material que utilizas, sobre todo en telas delicadas. Aunque puedes utilizar cualquier tela, ten en cuenta que su calidad y belleza se ver\u00e1 en el resultado final del proyecto.<\/p><p>Con respecto a la decoraci\u00f3n, en esta m\u00e1scara es imprescindible los diamante, da igual tama\u00f1o o color pero es un rasgo muy identificativo. Como no es una superficie plana es muy dif\u00edcil que mantengan la posici\u00f3n deseada, por eso doy un toque de cola con un fino pincel y posteriormente los sello con el aplicador para que queden bien sujetos.<\/p><p>La sujeci\u00f3n es opcional con cinta, puedes utilizar cinta el\u00e1stica si te resulta m\u00e1s c\u00f3moda y pr\u00e1ctica, pero antes de ponerla aseg\u00farate de coger la medida entorno cabeza para que no quede suelta o apretada.<\/p><p>Las cintas colgantes dan un toque exquisito, aunque siempre utilizo de raso puedes poner de cualquier material y color que tengas a mano.<\/p><h2 class=\"wp-block-heading\">\u00bfC\u00f3mo se hace?<\/h2><p>Ha sido un reto dif\u00edcil por la cantidad de abalorios, diamantes y bordados que he querido a\u00f1adir para hacer un dise\u00f1o original, cada elemento ha supuesto un tiempo de dedicaci\u00f3n y paciencia.&nbsp;<\/p><p>He comenzado con mi base, marcando el contorno de ojos, boca y nariz, lo m\u00e1s identificativo de esta m\u00e1scara.\u00a0 Para hacer los ojos m\u00e1s elegantes he perfilado el entorno dentro de su base ojo craneal y le he dado un toque original en la forma de la nariz para que fuese m\u00e1s est\u00e9tica. A pesar de sus labios perfilados, no pod\u00eda faltar el toque rasgado de su costura.<\/p><div class=\"wp-block-uagb-container uagb-block-457fa66c alignfull uagb-is-root-container\"><div class=\"uagb-container-inner-blocks-wrap\"><div class=\"wp-block-uagb-container uagb-block-9c7ae6f4\"><figure class=\"wp-block-image size-large is-resized\"><a href=\"https:\/\/artesaniavelaris.es\/tienda\/es\/inicio\/54-mascara-catrina.html\"><img fetchpriority=\"high\" decoding=\"async\" width=\"565\" height=\"1024\" src=\"https:\/\/artesaniavelaris.es\/velaris-blog\/wp-content\/uploads\/2025\/11\/catrina_1-565x1024.jpeg\" alt=\"\" class=\"wp-image-486\" style=\"width:200px;height:auto\" srcset=\"https:\/\/artesaniavelaris.es\/velaris-blog\/wp-content\/uploads\/2025\/11\/catrina_1-565x1024.jpeg 565w, https:\/\/artesaniavelaris.es\/velaris-blog\/wp-content\/uploads\/2025\/11\/catrina_1-166x300.jpeg 166w, https:\/\/artesaniavelaris.es\/velaris-blog\/wp-content\/uploads\/2025\/11\/catrina_1-600x1087.jpeg 600w, https:\/\/artesaniavelaris.es\/velaris-blog\/wp-content\/uploads\/2025\/11\/catrina_1.jpeg 738w\" sizes=\"(max-width: 565px) 100vw, 565px\" \/><\/a><\/figure><\/div>\n\n<div class=\"wp-block-uagb-container uagb-block-37050c7c\"><figure class=\"wp-block-image size-large\"><a href=\"https:\/\/artesaniavelaris.es\/tienda\/es\/inicio\/54-mascara-catrina.html\"><img decoding=\"async\" width=\"718\" height=\"1024\" src=\"https:\/\/artesaniavelaris.es\/velaris-blog\/wp-content\/uploads\/2025\/11\/catrina_2-718x1024.jpeg\" alt=\"\" class=\"wp-image-487\" srcset=\"https:\/\/artesaniavelaris.es\/velaris-blog\/wp-content\/uploads\/2025\/11\/catrina_2-718x1024.jpeg 718w, https:\/\/artesaniavelaris.es\/velaris-blog\/wp-content\/uploads\/2025\/11\/catrina_2-210x300.jpeg 210w, https:\/\/artesaniavelaris.es\/velaris-blog\/wp-content\/uploads\/2025\/11\/catrina_2-600x856.jpeg 600w, https:\/\/artesaniavelaris.es\/velaris-blog\/wp-content\/uploads\/2025\/11\/catrina_2.jpeg 738w\" sizes=\"(max-width: 718px) 100vw, 718px\" \/><\/a><\/figure><\/div>\n\n<div class=\"wp-block-uagb-container uagb-block-438596a0\"><figure class=\"wp-block-image size-large\"><a href=\"https:\/\/artesaniavelaris.es\/tienda\/es\/inicio\/54-mascara-catrina.html\"><img decoding=\"async\" width=\"700\" height=\"1024\" src=\"https:\/\/artesaniavelaris.es\/velaris-blog\/wp-content\/uploads\/2025\/11\/catrina_3-700x1024.jpeg\" alt=\"\" class=\"wp-image-488\" srcset=\"https:\/\/artesaniavelaris.es\/velaris-blog\/wp-content\/uploads\/2025\/11\/catrina_3-700x1024.jpeg 700w, https:\/\/artesaniavelaris.es\/velaris-blog\/wp-content\/uploads\/2025\/11\/catrina_3-205x300.jpeg 205w, https:\/\/artesaniavelaris.es\/velaris-blog\/wp-content\/uploads\/2025\/11\/catrina_3-600x877.jpeg 600w, https:\/\/artesaniavelaris.es\/velaris-blog\/wp-content\/uploads\/2025\/11\/catrina_3.jpeg 734w\" sizes=\"(max-width: 700px) 100vw, 700px\" \/><\/a><\/figure><\/div><\/div><\/div><p>Eleg\u00ed el color azul, por ser un tono de calma y tranquilidad que evoca a la espiritualidad y confianza, pero le di un poco de color plata para realzar su intensidad y darle un toque alegre.<\/p><p>En lugar de hacer un dibujo floral he optado por utilizar esta tela bordada tan bonita de esta forma consegu\u00eda darle relieve y un dise\u00f1o \u00fanico.<\/p><p>En otras m\u00e1scaras y antifaces que he dise\u00f1ado, la tela ha sido un complemento ideal, que dan mucho juego para crear relieves y texturas combinando distintos colores y formas, la adaptaci\u00f3n al rostro es una t\u00e9cnica incre\u00edble que da muy buenos resultados.<\/p><div class=\"wp-block-uagb-container uagb-block-439f3700 alignfull uagb-is-root-container\"><div class=\"uagb-container-inner-blocks-wrap\"><div class=\"wp-block-uagb-container uagb-block-da79c7e3\"><figure class=\"wp-block-image size-full\"><a href=\"https:\/\/artesaniavelaris.es\/tienda\/es\/inicio\/38-antifaz-pasional.html\"><img loading=\"lazy\" decoding=\"async\" width=\"1024\" height=\"1024\" src=\"https:\/\/artesaniavelaris.es\/velaris-blog\/wp-content\/uploads\/2025\/11\/Antifaz_sencillo_rojo.png\" alt=\"\" class=\"wp-image-489\" srcset=\"https:\/\/artesaniavelaris.es\/velaris-blog\/wp-content\/uploads\/2025\/11\/Antifaz_sencillo_rojo.png 1024w, https:\/\/artesaniavelaris.es\/velaris-blog\/wp-content\/uploads\/2025\/11\/Antifaz_sencillo_rojo-300x300.png 300w, https:\/\/artesaniavelaris.es\/velaris-blog\/wp-content\/uploads\/2025\/11\/Antifaz_sencillo_rojo-150x150.png 150w, https:\/\/artesaniavelaris.es\/velaris-blog\/wp-content\/uploads\/2025\/11\/Antifaz_sencillo_rojo-768x768.png 768w, https:\/\/artesaniavelaris.es\/velaris-blog\/wp-content\/uploads\/2025\/11\/Antifaz_sencillo_rojo-600x600.png 600w, https:\/\/artesaniavelaris.es\/velaris-blog\/wp-content\/uploads\/2025\/11\/Antifaz_sencillo_rojo-100x100.png 100w\" sizes=\"(max-width: 1024px) 100vw, 1024px\" \/><\/a><\/figure><\/div>\n\n<div class=\"wp-block-uagb-container uagb-block-161b1782\"><figure class=\"wp-block-image size-full\"><a href=\"https:\/\/artesaniavelaris.es\/tienda\/es\/inicio\/46-sol-aureus.html\"><img loading=\"lazy\" decoding=\"async\" width=\"1024\" height=\"1024\" src=\"https:\/\/artesaniavelaris.es\/velaris-blog\/wp-content\/uploads\/2025\/11\/sol-aureus.png\" alt=\"\" class=\"wp-image-490\" srcset=\"https:\/\/artesaniavelaris.es\/velaris-blog\/wp-content\/uploads\/2025\/11\/sol-aureus.png 1024w, https:\/\/artesaniavelaris.es\/velaris-blog\/wp-content\/uploads\/2025\/11\/sol-aureus-300x300.png 300w, https:\/\/artesaniavelaris.es\/velaris-blog\/wp-content\/uploads\/2025\/11\/sol-aureus-150x150.png 150w, https:\/\/artesaniavelaris.es\/velaris-blog\/wp-content\/uploads\/2025\/11\/sol-aureus-768x768.png 768w, https:\/\/artesaniavelaris.es\/velaris-blog\/wp-content\/uploads\/2025\/11\/sol-aureus-600x600.png 600w, https:\/\/artesaniavelaris.es\/velaris-blog\/wp-content\/uploads\/2025\/11\/sol-aureus-100x100.png 100w\" sizes=\"(max-width: 1024px) 100vw, 1024px\" \/><\/a><\/figure><\/div><\/div><\/div><p>Comenc\u00e9 decorando solo el entorno de los ojos con diamantes pero a medida que el relieve cog\u00eda forma me ped\u00eda un poco de luz y decid\u00ed a\u00f1adir algunos m\u00e1s seg\u00fan los colores de su forma floral.<\/p><div class=\"wp-block-uagb-container uagb-block-c361133b alignfull uagb-is-root-container\"><div class=\"uagb-container-inner-blocks-wrap\"><div class=\"wp-block-uagb-container uagb-block-07835781\"><figure class=\"wp-block-image size-full\"><a href=\"https:\/\/artesaniavelaris.es\/tienda\/es\/inicio\/54-mascara-catrina.html\"><img loading=\"lazy\" decoding=\"async\" width=\"738\" height=\"1015\" src=\"https:\/\/artesaniavelaris.es\/velaris-blog\/wp-content\/uploads\/2025\/11\/catrina_4-1.jpeg\" alt=\"\" class=\"wp-image-492\" srcset=\"https:\/\/artesaniavelaris.es\/velaris-blog\/wp-content\/uploads\/2025\/11\/catrina_4-1.jpeg 738w, https:\/\/artesaniavelaris.es\/velaris-blog\/wp-content\/uploads\/2025\/11\/catrina_4-1-218x300.jpeg 218w, https:\/\/artesaniavelaris.es\/velaris-blog\/wp-content\/uploads\/2025\/11\/catrina_4-1-600x825.jpeg 600w\" sizes=\"(max-width: 738px) 100vw, 738px\" \/><\/a><\/figure><\/div>\n\n<div class=\"wp-block-uagb-container uagb-block-7b26827b\"><p>Mire varias formas de hacer el tocado de flores, de papel, de cart\u00f3n, de tela, y al final he usado la terminaci\u00f3n de la propia tela, combina perfectamente con el dise\u00f1o de la m\u00e1scara y a pesar de su sencillez, le da un toque elegante y original sin extravagancias porque este tipo de m\u00e1scara es famosa precisamente por exaltar su ornamento de flores y crear aut\u00e9nticas obras de arte en dibujos con diamantes.<\/p>\n\n<p>Aunque ha tenido su complejidad la adaptaci\u00f3n redonda con la l\u00ednea de bordado y he tenido que moldear su dise\u00f1o original. Este es resultado de mi dise\u00f1o, si te animas hacer el tuyo propio me encantar\u00eda poder verlo en mi instagram <strong><em><a href=\"https:\/\/www.instagram.com\/artesania_velaris\/\" data-type=\"link\" data-id=\"https:\/\/www.instagram.com\/artesania_velaris\/\">@artesania_velaris<\/a><\/em><\/strong>.<\/p><\/div><\/div><\/div><div class=\"wp-block-uagb-container uagb-block-a8f42dd3 alignfull uagb-is-root-container\"><div class=\"uagb-container-inner-blocks-wrap\"><figure class=\"wp-block-image size-full\"><a href=\"https:\/\/artesaniavelaris.es\/tienda\/es\/inicio\/54-mascara-catrina.html\"><img loading=\"lazy\" decoding=\"async\" width=\"1024\" height=\"1024\" src=\"https:\/\/artesaniavelaris.es\/velaris-blog\/wp-content\/uploads\/2025\/11\/mascara_catrina.png\" alt=\"\" class=\"wp-image-493\" srcset=\"https:\/\/artesaniavelaris.es\/velaris-blog\/wp-content\/uploads\/2025\/11\/mascara_catrina.png 1024w, https:\/\/artesaniavelaris.es\/velaris-blog\/wp-content\/uploads\/2025\/11\/mascara_catrina-300x300.png 300w, https:\/\/artesaniavelaris.es\/velaris-blog\/wp-content\/uploads\/2025\/11\/mascara_catrina-150x150.png 150w, https:\/\/artesaniavelaris.es\/velaris-blog\/wp-content\/uploads\/2025\/11\/mascara_catrina-768x768.png 768w, https:\/\/artesaniavelaris.es\/velaris-blog\/wp-content\/uploads\/2025\/11\/mascara_catrina-600x600.png 600w, https:\/\/artesaniavelaris.es\/velaris-blog\/wp-content\/uploads\/2025\/11\/mascara_catrina-100x100.png 100w\" sizes=\"(max-width: 1024px) 100vw, 1024px\" \/><\/a><\/figure><\/div><\/div><h2 class=\"wp-block-heading\">La Catrina<\/h2><h3 class=\"wp-block-heading\">Significado y origen<\/h3><p>El personaje de La Catrina tiene su origen en el siglo XIX, durante el Porfiriato, \u00e9poca de <a href=\"https:\/\/es.wikipedia.org\/wiki\/Porfirio_D%C3%ADaz\" data-type=\"link\" data-id=\"https:\/\/es.wikipedia.org\/wiki\/Porfirio_D%C3%ADaz\"><em>Portirio D\u00edaz<\/em><\/a> en el poder.\u00a0<\/p><p>Fue creada por el grabador caricaturista <a href=\"https:\/\/es.wikipedia.org\/wiki\/Jos%C3%A9_Guadalupe_Posada\" data-type=\"link\" data-id=\"https:\/\/es.wikipedia.org\/wiki\/Jos%C3%A9_Guadalupe_Posada\"><em>Jos\u00e9 Guadalupe Posada<\/em><\/a> alrededor de 1910, a la llamo \u201cLa Calavera Garbancera\u201d, esta palabra era utilizada para burlarse de ind\u00edgenas o mestizos que negaban sus ra\u00edces, adoptando modas francesas o europeas y despreciando lo mexicano, por eso en sus inicios era representada con un sombrero elegante y lo que mostraba era la vulnerabilidad ante la muerte sin importar clase, origen o riqueza.<\/p><div class=\"wp-block-uagb-container uagb-block-63a30f39 alignfull uagb-is-root-container\"><div class=\"uagb-container-inner-blocks-wrap\"><div class=\"wp-block-uagb-container uagb-block-cc658456\"><figure class=\"wp-block-image size-full\"><img loading=\"lazy\" decoding=\"async\" width=\"813\" height=\"733\" src=\"https:\/\/artesaniavelaris.es\/velaris-blog\/wp-content\/uploads\/2025\/11\/679699995.jpg\" alt=\"\" class=\"wp-image-494\" srcset=\"https:\/\/artesaniavelaris.es\/velaris-blog\/wp-content\/uploads\/2025\/11\/679699995.jpg 813w, https:\/\/artesaniavelaris.es\/velaris-blog\/wp-content\/uploads\/2025\/11\/679699995-300x270.jpg 300w, https:\/\/artesaniavelaris.es\/velaris-blog\/wp-content\/uploads\/2025\/11\/679699995-768x692.jpg 768w, https:\/\/artesaniavelaris.es\/velaris-blog\/wp-content\/uploads\/2025\/11\/679699995-600x541.jpg 600w\" sizes=\"(max-width: 813px) 100vw, 813px\" \/><\/figure><\/div>\n\n<div class=\"wp-block-uagb-container uagb-block-8c19c4ea\"><figure class=\"wp-block-image size-full is-resized\"><img loading=\"lazy\" decoding=\"async\" width=\"298\" height=\"169\" src=\"https:\/\/artesaniavelaris.es\/velaris-blog\/wp-content\/uploads\/2025\/11\/images-1.jpg\" alt=\"\" class=\"wp-image-495\" style=\"width:380px;height:auto\"\/><\/figure><\/div><\/div><\/div><h3 class=\"wp-block-heading\">Evoluci\u00f3n<\/h3><p><a href=\"https:\/\/es.wikipedia.org\/wiki\/Diego_Rivera\" data-type=\"link\" data-id=\"https:\/\/es.wikipedia.org\/wiki\/Diego_Rivera\"><em>Diego Rivera<\/em><\/a> retom\u00f3 su figura en su famoso mural <em><a href=\"https:\/\/historia-arte.com\/obras\/sueno-de-una-tarde-dominical-en-la-alameda-central\" data-type=\"link\" data-id=\"https:\/\/historia-arte.com\/obras\/sueno-de-una-tarde-dominical-en-la-alameda-central\">\u201cSue\u00f1o de una tarde dominical en la Alameda Central\u201d <\/a>(1947).\u00a0<\/em><br>La pint\u00f3 como una dama elegante ataviada adem\u00e1s del sombrero con traje de gala y la llam\u00f3<strong><em> \u201cLa Catrina\u201d<\/em><\/strong> que proviene de catr\u00edn, t\u00e9rmino utilizado para describir a una persona de clase alta y refinada.<\/p><div class=\"wp-block-uagb-container uagb-block-ab6571dd alignfull uagb-is-root-container\"><div class=\"uagb-container-inner-blocks-wrap\"><figure class=\"wp-block-image size-large\"><img loading=\"lazy\" decoding=\"async\" width=\"1024\" height=\"268\" src=\"https:\/\/artesaniavelaris.es\/velaris-blog\/wp-content\/uploads\/2025\/11\/eyJ0eXAiOiJKV1QiLCJhbGciOiJIUzI1NiJ9.eyJpbSI6WyJcL2FydHdvcmtcL2ltYWdlRmlsZVwvNWViZDFjNjRhYTVhNi5qcGciLCJyZXNpemUsMjAwMCwyMDAwIl19.e3eZS_rdjCR68RRH8TtgOLu8zNrDK2XQao6-fdikA88-1024x268.png\" alt=\"\" class=\"wp-image-496\" srcset=\"https:\/\/artesaniavelaris.es\/velaris-blog\/wp-content\/uploads\/2025\/11\/eyJ0eXAiOiJKV1QiLCJhbGciOiJIUzI1NiJ9.eyJpbSI6WyJcL2FydHdvcmtcL2ltYWdlRmlsZVwvNWViZDFjNjRhYTVhNi5qcGciLCJyZXNpemUsMjAwMCwyMDAwIl19.e3eZS_rdjCR68RRH8TtgOLu8zNrDK2XQao6-fdikA88-1024x268.png 1024w, https:\/\/artesaniavelaris.es\/velaris-blog\/wp-content\/uploads\/2025\/11\/eyJ0eXAiOiJKV1QiLCJhbGciOiJIUzI1NiJ9.eyJpbSI6WyJcL2FydHdvcmtcL2ltYWdlRmlsZVwvNWViZDFjNjRhYTVhNi5qcGciLCJyZXNpemUsMjAwMCwyMDAwIl19.e3eZS_rdjCR68RRH8TtgOLu8zNrDK2XQao6-fdikA88-300x79.png 300w, https:\/\/artesaniavelaris.es\/velaris-blog\/wp-content\/uploads\/2025\/11\/eyJ0eXAiOiJKV1QiLCJhbGciOiJIUzI1NiJ9.eyJpbSI6WyJcL2FydHdvcmtcL2ltYWdlRmlsZVwvNWViZDFjNjRhYTVhNi5qcGciLCJyZXNpemUsMjAwMCwyMDAwIl19.e3eZS_rdjCR68RRH8TtgOLu8zNrDK2XQao6-fdikA88-768x201.png 768w, https:\/\/artesaniavelaris.es\/velaris-blog\/wp-content\/uploads\/2025\/11\/eyJ0eXAiOiJKV1QiLCJhbGciOiJIUzI1NiJ9.eyJpbSI6WyJcL2FydHdvcmtcL2ltYWdlRmlsZVwvNWViZDFjNjRhYTVhNi5qcGciLCJyZXNpemUsMjAwMCwyMDAwIl19.e3eZS_rdjCR68RRH8TtgOLu8zNrDK2XQao6-fdikA88-1536x402.png 1536w, https:\/\/artesaniavelaris.es\/velaris-blog\/wp-content\/uploads\/2025\/11\/eyJ0eXAiOiJKV1QiLCJhbGciOiJIUzI1NiJ9.eyJpbSI6WyJcL2FydHdvcmtcL2ltYWdlRmlsZVwvNWViZDFjNjRhYTVhNi5qcGciLCJyZXNpemUsMjAwMCwyMDAwIl19.e3eZS_rdjCR68RRH8TtgOLu8zNrDK2XQao6-fdikA88-600x157.png 600w, https:\/\/artesaniavelaris.es\/velaris-blog\/wp-content\/uploads\/2025\/11\/eyJ0eXAiOiJKV1QiLCJhbGciOiJIUzI1NiJ9.eyJpbSI6WyJcL2FydHdvcmtcL2ltYWdlRmlsZVwvNWViZDFjNjRhYTVhNi5qcGciLCJyZXNpemUsMjAwMCwyMDAwIl19.e3eZS_rdjCR68RRH8TtgOLu8zNrDK2XQao6-fdikA88.png 2000w\" sizes=\"(max-width: 1024px) 100vw, 1024px\" \/><\/figure><\/div><\/div><h3 class=\"wp-block-heading\">Significado<\/h3><p>En la cultura mexicana simboliza la igualdad ante la muerte, todos tenemos el mismo destino; representa una burla a la vanidad y apariencias, sobre todo a quienes negaban su identidad cultural, hoy d\u00eda es la representaci\u00f3n de la identidad mexicana, la mezcla entre lo prehisp\u00e1nico y lo europeo, con ella se celebra <strong>el D\u00eda de los Muertos<\/strong>, de forma festiva donde los mexicanos se enfrentan a la muerte con humor, respeto y recordando a sus antepasados con ofrendas y altares, d\u00e1ndoles la bienvenida de su peque\u00f1a\u00a0 visita en esta noche m\u00e1gica.<\/p>","protected":false},"excerpt":{"rendered":"<p>En este nuevo video he querido retratar a la famosa \u00abCatrina\u00bb, t\u00edpica de la cultura Mexicana el D\u00eda de los Muertos por ser una figura que combina humor, arte y reflexi\u00f3n. Adem\u00e1s sus nuevas versiones es representada como elegante y nos invita a celebrar la vida manteniendo las tradiciones de una forma alegre y festiva. [&hellip;]<\/p>\n","protected":false},"author":1,"featured_media":493,"comment_status":"open","ping_status":"open","sticky":false,"template":"","format":"standard","meta":{"_uag_custom_page_level_css":"","_jetpack_memberships_contains_paid_content":false,"footnotes":""},"categories":[21,30,24],"tags":[36,37,31,34,38],"class_list":["post-485","post","type-post","status-publish","format-standard","has-post-thumbnail","hentry","category-artesania","category-halloween","category-mascaras","tag-catrina","tag-dia-de-los-muertos","tag-halloween","tag-mascara","tag-mujer"],"jetpack_featured_media_url":"https:\/\/artesaniavelaris.es\/velaris-blog\/wp-content\/uploads\/2025\/11\/mascara_catrina.png","uagb_featured_image_src":{"full":["https:\/\/artesaniavelaris.es\/velaris-blog\/wp-content\/uploads\/2025\/11\/mascara_catrina.png",1024,1024,false],"thumbnail":["https:\/\/artesaniavelaris.es\/velaris-blog\/wp-content\/uploads\/2025\/11\/mascara_catrina-150x150.png",150,150,true],"medium":["https:\/\/artesaniavelaris.es\/velaris-blog\/wp-content\/uploads\/2025\/11\/mascara_catrina-300x300.png",300,300,true],"medium_large":["https:\/\/artesaniavelaris.es\/velaris-blog\/wp-content\/uploads\/2025\/11\/mascara_catrina-768x768.png",640,640,true],"large":["https:\/\/artesaniavelaris.es\/velaris-blog\/wp-content\/uploads\/2025\/11\/mascara_catrina.png",640,640,false],"1536x1536":["https:\/\/artesaniavelaris.es\/velaris-blog\/wp-content\/uploads\/2025\/11\/mascara_catrina.png",1024,1024,false],"2048x2048":["https:\/\/artesaniavelaris.es\/velaris-blog\/wp-content\/uploads\/2025\/11\/mascara_catrina.png",1024,1024,false],"blogarise-slider-full":["https:\/\/artesaniavelaris.es\/velaris-blog\/wp-content\/uploads\/2025\/11\/mascara_catrina-1024x720.png",1024,720,true],"blogarise-featured":["https:\/\/artesaniavelaris.es\/velaris-blog\/wp-content\/uploads\/2025\/11\/mascara_catrina.png",1024,1024,false],"blogarise-medium":["https:\/\/artesaniavelaris.es\/velaris-blog\/wp-content\/uploads\/2025\/11\/mascara_catrina-720x380.png",720,380,true],"woocommerce_thumbnail":["https:\/\/artesaniavelaris.es\/velaris-blog\/wp-content\/uploads\/2025\/11\/mascara_catrina-300x300.png",300,300,true],"woocommerce_single":["https:\/\/artesaniavelaris.es\/velaris-blog\/wp-content\/uploads\/2025\/11\/mascara_catrina-600x600.png",600,600,true],"woocommerce_gallery_thumbnail":["https:\/\/artesaniavelaris.es\/velaris-blog\/wp-content\/uploads\/2025\/11\/mascara_catrina-100x100.png",100,100,true]},"uagb_author_info":{"display_name":"Velaris","author_link":"https:\/\/artesaniavelaris.es\/velaris-blog\/author\/fromanr\/"},"uagb_comment_info":0,"uagb_excerpt":"En este nuevo video he querido retratar a la famosa \u00abCatrina\u00bb, t\u00edpica de la cultura Mexicana el D\u00eda de los Muertos por ser una figura que combina humor, arte y reflexi\u00f3n. Adem\u00e1s sus nuevas versiones es representada como elegante y nos invita a celebrar la vida manteniendo las tradiciones de una forma alegre y festiva.&hellip;","jetpack_sharing_enabled":true,"_links":{"self":[{"href":"https:\/\/artesaniavelaris.es\/velaris-blog\/wp-json\/wp\/v2\/posts\/485","targetHints":{"allow":["GET"]}}],"collection":[{"href":"https:\/\/artesaniavelaris.es\/velaris-blog\/wp-json\/wp\/v2\/posts"}],"about":[{"href":"https:\/\/artesaniavelaris.es\/velaris-blog\/wp-json\/wp\/v2\/types\/post"}],"author":[{"embeddable":true,"href":"https:\/\/artesaniavelaris.es\/velaris-blog\/wp-json\/wp\/v2\/users\/1"}],"replies":[{"embeddable":true,"href":"https:\/\/artesaniavelaris.es\/velaris-blog\/wp-json\/wp\/v2\/comments?post=485"}],"version-history":[{"count":1,"href":"https:\/\/artesaniavelaris.es\/velaris-blog\/wp-json\/wp\/v2\/posts\/485\/revisions"}],"predecessor-version":[{"id":497,"href":"https:\/\/artesaniavelaris.es\/velaris-blog\/wp-json\/wp\/v2\/posts\/485\/revisions\/497"}],"wp:featuredmedia":[{"embeddable":true,"href":"https:\/\/artesaniavelaris.es\/velaris-blog\/wp-json\/wp\/v2\/media\/493"}],"wp:attachment":[{"href":"https:\/\/artesaniavelaris.es\/velaris-blog\/wp-json\/wp\/v2\/media?parent=485"}],"wp:term":[{"taxonomy":"category","embeddable":true,"href":"https:\/\/artesaniavelaris.es\/velaris-blog\/wp-json\/wp\/v2\/categories?post=485"},{"taxonomy":"post_tag","embeddable":true,"href":"https:\/\/artesaniavelaris.es\/velaris-blog\/wp-json\/wp\/v2\/tags?post=485"}],"curies":[{"name":"wp","href":"https:\/\/api.w.org\/{rel}","templated":true}]}}